{"id":16524,"date":"2017-03-20T13:09:04","date_gmt":"2017-03-20T12:09:04","guid":{"rendered":"http:\/\/www.conselharan.org\/ca\/?p=16524"},"modified":"2017-03-20T14:11:00","modified_gmt":"2017-03-20T13:11:00","slug":"el-ple-del-conselh-generau-aprova-ladjudicacio-del-contracte-per-lexplotacio-de-les-depuradores-de-la-val-daran","status":"publish","type":"post","link":"https:\/\/www.conselharan.org\/ca\/el-ple-del-conselh-generau-aprova-ladjudicacio-del-contracte-per-lexplotacio-de-les-depuradores-de-la-val-daran\/","title":{"rendered":"El Ple del Conselh Generau aprova l\u2019adjudicaci\u00f3 del contracte per l\u2019explotaci\u00f3 de les depuradores de la Val d\u2019Aran"},"content":{"rendered":"<p><img loading=\"lazy\" decoding=\"async\" class=\"aligncenter size-large wp-image-16522\" src=\"http:\/\/www.conselharan.org\/wp-content\/uploads\/2017\/03\/DSC_0003-1024x578.jpg\" alt=\"DSC_0003\" width=\"1024\" height=\"578\" srcset=\"https:\/\/www.conselharan.org\/wp-content\/uploads\/2017\/03\/DSC_0003-1024x578.jpg 1024w, https:\/\/www.conselharan.org\/wp-content\/uploads\/2017\/03\/DSC_0003-300x169.jpg 300w, https:\/\/www.conselharan.org\/wp-content\/uploads\/2017\/03\/DSC_0003-768x434.jpg 768w\" sizes=\"(max-width: 1024px) 100vw, 1024px\" \/><\/p>\n<p>&nbsp;<\/p>\n<p>El Ple del Conselh Generau d\u2019Aran, en sessi\u00f3 extraordin\u00e0ria, ha aprovat per unanimitat la licitaci\u00f3 del contracte per la \u201c<em>Explotaci\u00f3, conservaci\u00f3 i manteniment dels sistemes de sanejament de la Val d\u2019Aran\u201d,<\/em> mitjan\u00e7ant procediment obert, amb tramitaci\u00f3 ordin\u00e0ria, d&#8217;acord amb el previst en els articles 12, 115 i 157 del Reial Decret Legislatiu 3\/2011, de 14 de novembre, pel qual s\u2019aprova el Text Ref\u00f3s de la Llei de Contractes del Sector P\u00fablic.<\/p>\n<p>Per tant, s\u2019adjudica el contracte de gesti\u00f3 de serveis p\u00fablics a la <em>UTE ACSA OBRAS E INFRAESTUCTURAS SA &#8211; S.A. AGRICULTORES DE LA VEGA DE VALENCIA &#8211; DEPURACI\u00d3N DE AGUAS DEL MEDITERRANEO SL<\/em>, amb CIF U66940941, per un import total de set milions dos-cents vint-i-vuit mil vuit-cents euros amb seixanta-dos c\u00e8ntims (7.228.800,62 \u20ac).<\/p>\n<p>Aquesta adjudicaci\u00f3 es fa, a c\u00e0rrec de la partida pressupost\u00e0ria n\u00fam. 01.161.227.17 del pressupost general prorrogat vigent per l&#8217;exercici 2017, amb una durada total de vuit anys, i inclou unes millors presentades per l&#8217;empresa que tot seguit es relacionen:<\/p>\n<p>&#8211; Baixa d\u2019un 20% dels preus unitaris de la partida al\u00e7ada<\/p>\n<p>&#8211; Aportacions de valor afegit per l&#8217;import de cent cinquanta mil euros (150.000,00 \u20ac)<\/p>\n<p>&#8211; Pla anal\u00edtic millorat respecte del pla anal\u00edtic m\u00ednim obligatori establert en l&#8217;annex 3.2 dels plecs de prescripcions t\u00e8cniques que regeixen aquesta licitaci\u00f3<\/p>\n<p>&#8211; Realitzaci\u00f3 anual d\u2019un estudi sobre l&#8217;h\u00e0bitat dels rius de la Val d\u2019Aran a les zones d\u2019afecci\u00f3 de les sortides dels EDARs, incl\u00f2s l&#8217;estudi de l&#8217;\u00edndex biol\u00f2gic<\/p>\n<p>&#8211; Implementaci\u00f3 d\u2019una xarxa Smarty de dades a temps reals<\/p>\n<p>&#8211; Estudi de la problem\u00e0tica derivada del bombeig d\u2019Unha<\/p>\n<p>&#8211; Estudi dels punts no connectats de Naut Aran, amb una reixa de s\u00f2lids en el bypass de Canejan i Bagergue i reunir les dades amb la xarxa Smarty<\/p>\n<p>&#8211; Estudi dels punts cr\u00edtics de les col\u2022lectors en alta actuals<\/p>\n<p>&#8211; Pla de millores, a m\u00e9s dels estudis de la problem\u00e0tica existent<\/p>\n<p>&#8211; Realitzaci\u00f3 d\u2019un pla de prevenci\u00f3 de situacions d\u2019Emerg\u00e8ncia<\/p>\n<p>&nbsp;<\/p>\n<p>&nbsp;<\/p>\n<p>&nbsp;<\/p>\n<p>&nbsp;<\/p>\n<p>Vielha, 20 de mar\u00e7 de 2017<\/p>\n<p>&nbsp;<\/p>\n<p><em>Conselh Generau d&#8217;Aran: N\u00faria Sanjuan<\/em><\/p>\n ","protected":false},"excerpt":{"rendered":"<p>&nbsp; El Ple del Conselh Generau d\u2019Aran, en sessi\u00f3 extraordin\u00e0ria, ha aprovat per unanimitat la licitaci\u00f3 del contracte per la \u201cExplotaci\u00f3, conservaci\u00f3 i manteniment dels sistemes de sanejament de la Val d\u2019Aran\u201d, mitjan\u00e7ant procediment obert, amb tramitaci\u00f3 ordin\u00e0ria, d&#8217;acord amb el previst en els articles 12, 115 i 157 del Reial Decret Legislatiu 3\/2011, de&#8230;<\/p>\n","protected":false},"author":2,"featured_media":16522,"comment_status":"closed","ping_status":"closed","sticky":false,"template":"","format":"standard","meta":{"footnotes":""},"categories":[53],"tags":[],"_links":{"self":[{"href":"https:\/\/www.conselharan.org\/ca\/wp-json\/wp\/v2\/posts\/16524"}],"collection":[{"href":"https:\/\/www.conselharan.org\/ca\/wp-json\/wp\/v2\/posts"}],"about":[{"href":"https:\/\/www.conselharan.org\/ca\/wp-json\/wp\/v2\/types\/post"}],"author":[{"embeddable":true,"href":"https:\/\/www.conselharan.org\/ca\/wp-json\/wp\/v2\/users\/2"}],"replies":[{"embeddable":true,"href":"https:\/\/www.conselharan.org\/ca\/wp-json\/wp\/v2\/comments?post=16524"}],"version-history":[{"count":1,"href":"https:\/\/www.conselharan.org\/ca\/wp-json\/wp\/v2\/posts\/16524\/revisions"}],"predecessor-version":[{"id":16525,"href":"https:\/\/www.conselharan.org\/ca\/wp-json\/wp\/v2\/posts\/16524\/revisions\/16525"}],"wp:featuredmedia":[{"embeddable":true,"href":"https:\/\/www.conselharan.org\/ca\/wp-json\/wp\/v2\/media\/16522"}],"wp:attachment":[{"href":"https:\/\/www.conselharan.org\/ca\/wp-json\/wp\/v2\/media?parent=16524"}],"wp:term":[{"taxonomy":"category","embeddable":true,"href":"https:\/\/www.conselharan.org\/ca\/wp-json\/wp\/v2\/categories?post=16524"},{"taxonomy":"post_tag","embeddable":true,"href":"https:\/\/www.conselharan.org\/ca\/wp-json\/wp\/v2\/tags?post=16524"}],"curies":[{"name":"wp","href":"https:\/\/api.w.org\/{rel}","templated":true}]}}