{"id":16534,"date":"2017-03-20T15:24:57","date_gmt":"2017-03-20T14:24:57","guid":{"rendered":"http:\/\/www.conselharan.org\/ca\/?p=16534"},"modified":"2017-03-20T15:37:28","modified_gmt":"2017-03-20T14:37:28","slug":"conferencia-a-la-val-daran-sobre-mindfulness","status":"publish","type":"post","link":"https:\/\/www.conselharan.org\/ca\/conferencia-a-la-val-daran-sobre-mindfulness\/","title":{"rendered":"Confer\u00e8ncia a la Val d\u2019Aran sobre Mindfulness"},"content":{"rendered":"<p><img loading=\"lazy\" decoding=\"async\" class=\"aligncenter size-large wp-image-16532\" src=\"http:\/\/www.conselharan.org\/wp-content\/uploads\/2017\/03\/DSC_0007-1024x559.jpg\" alt=\"DSC_0007\" width=\"1024\" height=\"559\" srcset=\"https:\/\/www.conselharan.org\/wp-content\/uploads\/2017\/03\/DSC_0007-1024x559.jpg 1024w, https:\/\/www.conselharan.org\/wp-content\/uploads\/2017\/03\/DSC_0007-300x164.jpg 300w, https:\/\/www.conselharan.org\/wp-content\/uploads\/2017\/03\/DSC_0007-768x420.jpg 768w\" sizes=\"(max-width: 1024px) 100vw, 1024px\" \/><\/p>\n<p>&nbsp;<\/p>\n<p>Dins de les activitats que la Federaci\u00f3 de Comer\u00e7 de Lleida porta a terme dins de la SETMANA DEL COMER\u00c7, avui dilluns dia 20 de mar\u00e7, conjuntament amb la Conselh Generau d\u2019Aran, s\u2019ha realitzat a Vielha la confer\u00e8ncia de \u201cMINDFULNESS com a eina per a la millora del rendiment de l\u2019actitud\u201d.<\/p>\n<p>El mindfulness s\u2019est\u00e0 imposant cada vegada m\u00e9s com una eina molt efectiva per al desenvolupament de totes les nostres capacitats i la millora de la nostra qualitat de vida personal i professional. Aquesta confer\u00e8ncia ofereix una visi\u00f3 cient\u00edfica d\u2019aquesta disciplina alhora que ofereix eines i t\u00e8cniques a l\u2019abast de tots per poder implementar-la en la pr\u00e0ctica di\u00e0ria i de forma senzilla.<\/p>\n<p>En <strong>Gorka Bartolom\u00e9<\/strong>, (master Certified Coach per ICF, director dels M\u00e0sters i Experts Universitaris en Coaching de la UDL Expert en intel\u2022lig\u00e8ncia emocional i llenguatge no verbal) ha estat qui ens ha endinsat en el Mindfulness.<\/p>\n<p>&nbsp;<\/p>\n<p>&nbsp;<\/p>\n<p>&nbsp;<\/p>\n<p>&nbsp;<\/p>\n<p>&nbsp;<\/p>\n<p>Vielha, 20 de mar\u00e7 de 2017<\/p>\n<p>&nbsp;<\/p>\n<p><em>Conselh Generau d&#8217;Aran: N\u00faria Sanjuan<\/em><\/p>\n ","protected":false},"excerpt":{"rendered":"<p>&nbsp; Dins de les activitats que la Federaci\u00f3 de Comer\u00e7 de Lleida porta a terme dins de la SETMANA DEL COMER\u00c7, avui dilluns dia 20 de mar\u00e7, conjuntament amb la Conselh Generau d\u2019Aran, s\u2019ha realitzat a Vielha la confer\u00e8ncia de \u201cMINDFULNESS com a eina per a la millora del rendiment de l\u2019actitud\u201d. El mindfulness s\u2019est\u00e0&#8230;<\/p>\n","protected":false},"author":2,"featured_media":16532,"comment_status":"closed","ping_status":"closed","sticky":false,"template":"","format":"standard","meta":{"footnotes":""},"categories":[33],"tags":[],"_links":{"self":[{"href":"https:\/\/www.conselharan.org\/ca\/wp-json\/wp\/v2\/posts\/16534"}],"collection":[{"href":"https:\/\/www.conselharan.org\/ca\/wp-json\/wp\/v2\/posts"}],"about":[{"href":"https:\/\/www.conselharan.org\/ca\/wp-json\/wp\/v2\/types\/post"}],"author":[{"embeddable":true,"href":"https:\/\/www.conselharan.org\/ca\/wp-json\/wp\/v2\/users\/2"}],"replies":[{"embeddable":true,"href":"https:\/\/www.conselharan.org\/ca\/wp-json\/wp\/v2\/comments?post=16534"}],"version-history":[{"count":2,"href":"https:\/\/www.conselharan.org\/ca\/wp-json\/wp\/v2\/posts\/16534\/revisions"}],"predecessor-version":[{"id":16538,"href":"https:\/\/www.conselharan.org\/ca\/wp-json\/wp\/v2\/posts\/16534\/revisions\/16538"}],"wp:featuredmedia":[{"embeddable":true,"href":"https:\/\/www.conselharan.org\/ca\/wp-json\/wp\/v2\/media\/16532"}],"wp:attachment":[{"href":"https:\/\/www.conselharan.org\/ca\/wp-json\/wp\/v2\/media?parent=16534"}],"wp:term":[{"taxonomy":"category","embeddable":true,"href":"https:\/\/www.conselharan.org\/ca\/wp-json\/wp\/v2\/categories?post=16534"},{"taxonomy":"post_tag","embeddable":true,"href":"https:\/\/www.conselharan.org\/ca\/wp-json\/wp\/v2\/tags?post=16534"}],"curies":[{"name":"wp","href":"https:\/\/api.w.org\/{rel}","templated":true}]}}