{"id":16543,"date":"2017-03-21T13:57:11","date_gmt":"2017-03-21T12:57:11","guid":{"rendered":"http:\/\/www.conselharan.org\/ca\/?p=16543"},"modified":"2017-03-21T13:59:27","modified_gmt":"2017-03-21T12:59:27","slug":"liea-academia-aranesa-de-la-llengua-occitana-presenta-les-seves-activitats-als-alumnes-dels-cursos-doccita-aranes","status":"publish","type":"post","link":"https:\/\/www.conselharan.org\/ca\/liea-academia-aranesa-de-la-llengua-occitana-presenta-les-seves-activitats-als-alumnes-dels-cursos-doccita-aranes\/","title":{"rendered":"L\u2019IEA &#8211; Acad\u00e8mia aranesa de la llengua occitana presenta les seves activitats als alumnes dels cursos d\u2019occit\u00e0- aran\u00e8s"},"content":{"rendered":"<p><img loading=\"lazy\" decoding=\"async\" class=\"aligncenter size-large wp-image-16541\" src=\"http:\/\/www.conselharan.org\/wp-content\/uploads\/2017\/03\/IEA-Academia-1-1024x678.jpg\" alt=\"IEA-Academia\" width=\"1024\" height=\"678\" srcset=\"https:\/\/www.conselharan.org\/wp-content\/uploads\/2017\/03\/IEA-Academia-1-1024x678.jpg 1024w, https:\/\/www.conselharan.org\/wp-content\/uploads\/2017\/03\/IEA-Academia-1-300x199.jpg 300w, https:\/\/www.conselharan.org\/wp-content\/uploads\/2017\/03\/IEA-Academia-1-768x509.jpg 768w, https:\/\/www.conselharan.org\/wp-content\/uploads\/2017\/03\/IEA-Academia-1.jpg 1600w\" sizes=\"(max-width: 1024px) 100vw, 1024px\" \/><\/p>\n<p>&nbsp;<\/p>\n<p>El president de l&#8217;Institut d\u2019Estudis Aranesos- Acad\u00e8mia aranesa de la llengua occitana, <strong>Jus\u00e8p Lo\u00eds Sans<\/strong>, juntament amb el membre del consell permanent de l&#8217;Institut d\u2019Estudis Aranesos,<strong> J\u00e8p de Montoya,<\/strong> han presentat les activitats de l&#8217;IEA- Acad\u00e8mia aranesa de la llengua occitana als alumnes dels cursos d&#8217;occit\u00e0- aran\u00e8s oferts pel Conselh Generau d&#8217;Aran en col\u2022laboraci\u00f3 amb la direcci\u00f3 general de Pol\u00edtica Ling\u00fc\u00edstica de la Generalitat de Catalunya.<\/p>\n<p>&nbsp;<\/p>\n<p>&nbsp;<\/p>\n<p>&nbsp;<\/p>\n<p>&nbsp;<\/p>\n<p>Vielha, 21 de mar\u00e7 de 2017<\/p>\n<p>&nbsp;<\/p>\n<p><em>Conselh Generau d&#8217;Aran: N\u00faria Sanjuan<\/em><\/p>\n<p><em>Font i foto: Institut d\u2019Estudis Aranesos- Acad\u00e8mia aranesa de la llengua occitana<\/em><\/p>\n ","protected":false},"excerpt":{"rendered":"<p>&nbsp; El president de l&#8217;Institut d\u2019Estudis Aranesos- Acad\u00e8mia aranesa de la llengua occitana, Jus\u00e8p Lo\u00eds Sans, juntament amb el membre del consell permanent de l&#8217;Institut d\u2019Estudis Aranesos, J\u00e8p de Montoya, han presentat les activitats de l&#8217;IEA- Acad\u00e8mia aranesa de la llengua occitana als alumnes dels cursos d&#8217;occit\u00e0- aran\u00e8s oferts pel Conselh Generau d&#8217;Aran en col\u2022laboraci\u00f3&#8230;<\/p>\n","protected":false},"author":2,"featured_media":16541,"comment_status":"closed","ping_status":"closed","sticky":false,"template":"","format":"standard","meta":{"footnotes":""},"categories":[133,33],"tags":[],"_links":{"self":[{"href":"https:\/\/www.conselharan.org\/ca\/wp-json\/wp\/v2\/posts\/16543"}],"collection":[{"href":"https:\/\/www.conselharan.org\/ca\/wp-json\/wp\/v2\/posts"}],"about":[{"href":"https:\/\/www.conselharan.org\/ca\/wp-json\/wp\/v2\/types\/post"}],"author":[{"embeddable":true,"href":"https:\/\/www.conselharan.org\/ca\/wp-json\/wp\/v2\/users\/2"}],"replies":[{"embeddable":true,"href":"https:\/\/www.conselharan.org\/ca\/wp-json\/wp\/v2\/comments?post=16543"}],"version-history":[{"count":1,"href":"https:\/\/www.conselharan.org\/ca\/wp-json\/wp\/v2\/posts\/16543\/revisions"}],"predecessor-version":[{"id":16544,"href":"https:\/\/www.conselharan.org\/ca\/wp-json\/wp\/v2\/posts\/16543\/revisions\/16544"}],"wp:featuredmedia":[{"embeddable":true,"href":"https:\/\/www.conselharan.org\/ca\/wp-json\/wp\/v2\/media\/16541"}],"wp:attachment":[{"href":"https:\/\/www.conselharan.org\/ca\/wp-json\/wp\/v2\/media?parent=16543"}],"wp:term":[{"taxonomy":"category","embeddable":true,"href":"https:\/\/www.conselharan.org\/ca\/wp-json\/wp\/v2\/categories?post=16543"},{"taxonomy":"post_tag","embeddable":true,"href":"https:\/\/www.conselharan.org\/ca\/wp-json\/wp\/v2\/tags?post=16543"}],"curies":[{"name":"wp","href":"https:\/\/api.w.org\/{rel}","templated":true}]}}