{"id":16552,"date":"2017-03-21T16:00:05","date_gmt":"2017-03-21T15:00:05","guid":{"rendered":"http:\/\/www.conselharan.org\/ca\/?p=16552"},"modified":"2017-03-21T16:00:05","modified_gmt":"2017-03-21T15:00:05","slug":"traslladats-amb-exit-els-tres-cadells-dos-nascuts-a-laran-park","status":"publish","type":"post","link":"https:\/\/www.conselharan.org\/ca\/traslladats-amb-exit-els-tres-cadells-dos-nascuts-a-laran-park\/","title":{"rendered":"Traslladats amb \u00e8xit els tres cadells d\u2019\u00f3s nascuts a l\u2019Aran Park"},"content":{"rendered":"<p><img loading=\"lazy\" decoding=\"async\" class=\"aligncenter size-full wp-image-16548\" src=\"http:\/\/www.conselharan.org\/wp-content\/uploads\/2017\/03\/ossardets-2.jpg\" alt=\"ossardets 2\" width=\"657\" height=\"978\" srcset=\"https:\/\/www.conselharan.org\/wp-content\/uploads\/2017\/03\/ossardets-2.jpg 657w, https:\/\/www.conselharan.org\/wp-content\/uploads\/2017\/03\/ossardets-2-202x300.jpg 202w\" sizes=\"(max-width: 657px) 100vw, 657px\" \/><\/p>\n<p>&nbsp;<\/p>\n<p>Els tres cadells d\u2019\u00f3s nascuts l\u2019any passat a l\u2019Aran Park, el parc de Fauna de la Val d\u2019Aran situat a Boss\u00f2st, han estat traslladats amb \u00e8xit al Parc Animalier des Pyr\u00e9nees, a la poblaci\u00f3 francesa d\u2019Ayzac-Os prop de Lourdes.<\/p>\n<p>&nbsp;<\/p>\n<p><img loading=\"lazy\" decoding=\"async\" class=\"aligncenter size-large wp-image-16549\" src=\"http:\/\/www.conselharan.org\/wp-content\/uploads\/2017\/03\/ossardets-3-1024x576.jpg\" alt=\"ossardets 3\" width=\"1024\" height=\"576\" srcset=\"https:\/\/www.conselharan.org\/wp-content\/uploads\/2017\/03\/ossardets-3-1024x576.jpg 1024w, https:\/\/www.conselharan.org\/wp-content\/uploads\/2017\/03\/ossardets-3-300x169.jpg 300w, https:\/\/www.conselharan.org\/wp-content\/uploads\/2017\/03\/ossardets-3-768x432.jpg 768w, https:\/\/www.conselharan.org\/wp-content\/uploads\/2017\/03\/ossardets-3.jpg 1328w\" sizes=\"(max-width: 1024px) 100vw, 1024px\" \/><\/p>\n<p>&nbsp;<\/p>\n<p>Els tres cadells, Inda, Misha i Trona, nascuts dels \u00f3ssos Luna (8 anys) i Ben (4 anys) han tingut que ser traslladats a un altre parc ja que l\u2019espai dels \u00f3ssos d\u2019Aran Park no podia acollir a cinc exemplars.<\/p>\n<p>&nbsp;<\/p>\n<p><img loading=\"lazy\" decoding=\"async\" class=\"aligncenter size-large wp-image-16550\" src=\"http:\/\/www.conselharan.org\/wp-content\/uploads\/2017\/03\/ossardets-1024x576.jpg\" alt=\"ossardets\" width=\"1024\" height=\"576\" srcset=\"https:\/\/www.conselharan.org\/wp-content\/uploads\/2017\/03\/ossardets-1024x576.jpg 1024w, https:\/\/www.conselharan.org\/wp-content\/uploads\/2017\/03\/ossardets-300x169.jpg 300w, https:\/\/www.conselharan.org\/wp-content\/uploads\/2017\/03\/ossardets-768x432.jpg 768w, https:\/\/www.conselharan.org\/wp-content\/uploads\/2017\/03\/ossardets.jpg 1328w\" sizes=\"(max-width: 1024px) 100vw, 1024px\" \/><\/p>\n<p>&nbsp;<\/p>\n<p>El trasllat ha requerit anestesia i, abans del trasllat s\u2019han sotm\u00e8s a un examen veterinari. Degut a l\u2019excedent d\u2019\u00f3ssos en captivitat i la dificultat per trobar parcs per ubicar-los, avui s\u2019han esterilitzat als \u00f3ssos mascles (Ben i Indu) per tal que no puguin tenir m\u00e9s fills.<\/p>\n<p>Recordem que el parc de Fauna de la Val d\u2019Aran <strong>Aran Park obrir\u00e0 al p\u00fablic el proper dia 1 d\u2019abril<\/strong>, amb horari de 09h00 a 18h00, i de juliol a agost de 09h00 a 19h00. Aquest any el parc <strong>estrenar\u00e0 recinte amb 4 exemplars de llop europeu<\/strong>.<\/p>\n<p>&nbsp;<\/p>\n<p>&nbsp;<\/p>\n<p>&nbsp;<\/p>\n<p>&nbsp;<\/p>\n<p>&nbsp;<\/p>\n<p>Vielha, 21 de mar\u00e7 de 2017<\/p>\n<p><em>Conselh Generau d&#8217;Aran: N\u00faria Sanjuan<\/em><\/p>\n ","protected":false},"excerpt":{"rendered":"<p>&nbsp; Els tres cadells d\u2019\u00f3s nascuts l\u2019any passat a l\u2019Aran Park, el parc de Fauna de la Val d\u2019Aran situat a Boss\u00f2st, han estat traslladats amb \u00e8xit al Parc Animalier des Pyr\u00e9nees, a la poblaci\u00f3 francesa d\u2019Ayzac-Os prop de Lourdes. &nbsp; &nbsp; Els tres cadells, Inda, Misha i Trona, nascuts dels \u00f3ssos Luna (8 anys)&#8230;<\/p>\n","protected":false},"author":2,"featured_media":16548,"comment_status":"closed","ping_status":"closed","sticky":false,"template":"","format":"standard","meta":{"footnotes":""},"categories":[128,127,36],"tags":[],"_links":{"self":[{"href":"https:\/\/www.conselharan.org\/ca\/wp-json\/wp\/v2\/posts\/16552"}],"collection":[{"href":"https:\/\/www.conselharan.org\/ca\/wp-json\/wp\/v2\/posts"}],"about":[{"href":"https:\/\/www.conselharan.org\/ca\/wp-json\/wp\/v2\/types\/post"}],"author":[{"embeddable":true,"href":"https:\/\/www.conselharan.org\/ca\/wp-json\/wp\/v2\/users\/2"}],"replies":[{"embeddable":true,"href":"https:\/\/www.conselharan.org\/ca\/wp-json\/wp\/v2\/comments?post=16552"}],"version-history":[{"count":1,"href":"https:\/\/www.conselharan.org\/ca\/wp-json\/wp\/v2\/posts\/16552\/revisions"}],"predecessor-version":[{"id":16553,"href":"https:\/\/www.conselharan.org\/ca\/wp-json\/wp\/v2\/posts\/16552\/revisions\/16553"}],"wp:featuredmedia":[{"embeddable":true,"href":"https:\/\/www.conselharan.org\/ca\/wp-json\/wp\/v2\/media\/16548"}],"wp:attachment":[{"href":"https:\/\/www.conselharan.org\/ca\/wp-json\/wp\/v2\/media?parent=16552"}],"wp:term":[{"taxonomy":"category","embeddable":true,"href":"https:\/\/www.conselharan.org\/ca\/wp-json\/wp\/v2\/categories?post=16552"},{"taxonomy":"post_tag","embeddable":true,"href":"https:\/\/www.conselharan.org\/ca\/wp-json\/wp\/v2\/tags?post=16552"}],"curies":[{"name":"wp","href":"https:\/\/api.w.org\/{rel}","templated":true}]}}