{"id":16562,"date":"2017-03-22T17:45:55","date_gmt":"2017-03-22T16:45:55","guid":{"rendered":"http:\/\/www.conselharan.org\/ca\/?p=16562"},"modified":"2017-03-22T17:45:55","modified_gmt":"2017-03-22T16:45:55","slug":"campanya-de-recollida-porta-a-porta-del-servei-de-gestio-de-residus-de-la-val-daran","status":"publish","type":"post","link":"https:\/\/www.conselharan.org\/ca\/campanya-de-recollida-porta-a-porta-del-servei-de-gestio-de-residus-de-la-val-daran\/","title":{"rendered":"Campanya de recollida porta a porta del Servei de Gesti\u00f3 de Residus de la Val d\u2019Aran"},"content":{"rendered":"<p>Vielha, 17 de mar\u00e7 de 2017.- Des del dia 13 de febrer i fins acabar la temporada d\u2019esqu\u00ed, coincidint amb Setmana Santa, el Servei de Gesti\u00f3 de Residus de la Val d\u2019Aran desenvolupa una campanya de recollida porta a porta als grans productors de fracci\u00f3 org\u00e0nica de les zones de Naut Aran i de Vielha e Mijaran.<\/p>\n<p><a href=\"http:\/\/www.conselharan.org\/wp-content\/uploads\/2017\/03\/file-3.jpeg\"><img loading=\"lazy\" decoding=\"async\" class=\"aligncenter size-large wp-image-16557\" src=\"http:\/\/www.conselharan.org\/wp-content\/uploads\/2017\/03\/file-3-1024x768.jpeg\" alt=\"file\" width=\"1024\" height=\"768\" srcset=\"https:\/\/www.conselharan.org\/wp-content\/uploads\/2017\/03\/file-3-1024x768.jpeg 1024w, https:\/\/www.conselharan.org\/wp-content\/uploads\/2017\/03\/file-3-300x225.jpeg 300w, https:\/\/www.conselharan.org\/wp-content\/uploads\/2017\/03\/file-3-768x576.jpeg 768w, https:\/\/www.conselharan.org\/wp-content\/uploads\/2017\/03\/file-3.jpeg 1600w\" sizes=\"(max-width: 1024px) 100vw, 1024px\" \/><\/a><\/p>\n<p><strong>El servei es presta cinc dies a la setmana, de dilluns a<\/strong> <strong>divendres<\/strong> amb la participaci\u00f3 inicial d\u2019una vintena d\u2019hotels i restaurants de Naut Aran i Vielha, que s\u2019ha anat incrementant amb la participaci\u00f3 de m\u00e9s establiments interessats en\u00a0 incorporar- se a la campanya de recollida selectiva de la fracci\u00f3 org\u00e0nica dels seus residus municipals.<\/p>\n<p>Amb les poques setmanes d\u2019implantaci\u00f3 del servei s\u2019han recollit m\u00e9s de 5 Tones setmanals de fracci\u00f3 org\u00e0nica de bona qualitat.<\/p>\n<p>&nbsp;<\/p>\n<p><strong>La campanya s\u2019allargar\u00e0 fins Setmana Santa, quan acabi la temporada d\u2019esqu\u00ed<\/strong><\/p>\n<p>L\u2019\u00e8xit d\u2019aquesta campanya no hagu\u00e9s estat possible sense l\u2019inter\u00e8s i bona col\u00b7laboraci\u00f3 dels grans productors del sector tur\u00edstic que s\u2019hi han adherit, ha assegurat el conselh\u00e8r de Territori del Gov\u00e8rn d\u2019Aran, <strong>Jose Antonio Boya<\/strong>, que ha volgut animar a la resta d\u2019empresaris del sector a participar en futures campanyes.<\/p>\n<p>Aquestes accions singulars de sensibilitzaci\u00f3 mediambiental permeten a la Val d\u2019Aran avan\u00e7ar cap a un nou model de desenvolupament tur\u00edstic basat en els principis de la sostenibilitat, la diversitat cultural i la responsabilitat social, la qual cosa contribueix al fet que la Val d\u2019Aran sigui una destinaci\u00f3 tur\u00edstica basada en el respecte de la seva cultura, el medi ambient i la responsabilitat, tal com acredita el certificat Biosphere.<\/p>\n<p>Les accions dutes a terme durant la campanya, han estat possibles gr\u00e0cies a l\u2019estreta col\u00b7laboraci\u00f3 de l\u2019Ag\u00e8ncia de Residus de Catalunya del Departament de Territori i Sostenibilitat de la Generalitat de Catalunya i el Conselh Generau d\u2019Aran a trav\u00e9s de les subvencions TES\/1770\/2016 de foment de la recollida selectiva de la fracci\u00f3 org\u00e0nica dels residus municipals.<\/p>\n<p>&nbsp;<\/p>\n<p>&nbsp;<\/p>\n<p>Hotels i restaurants col\u00b7laboradors:<\/p>\n<p>Hotel Val de Neu, Hotel Himalaya, Hotel Tuc Blanc, Hotel Meli\u00e0 Royal Tanau, Chalet Bacive, Hotel Tuca, Urtau, Hotel Tredos, Rosta, Hotel Meli\u00e0, Hotel La Creu, Rafael Hoteles, Auberja Era Garona, Hotel Orri, Refugi Santal\u00f3, AC Hoteles, Hotel Hipic, Era C\u00f2quela, Era Lucana.<\/p>\n<p>&nbsp;<\/p>\n<p>&nbsp;<\/p>\n<p>&nbsp;<\/p>\n<p>&nbsp;<\/p>\n ","protected":false},"excerpt":{"rendered":"<p>Vielha, 17 de mar\u00e7 de 2017.- Des del dia 13 de febrer i fins acabar la temporada d\u2019esqu\u00ed, coincidint amb Setmana Santa, el Servei de Gesti\u00f3 de Residus de la Val d\u2019Aran desenvolupa una campanya de recollida porta a porta als grans productors de fracci\u00f3 org\u00e0nica de les zones de Naut Aran i de Vielha&#8230;<\/p>\n","protected":false},"author":2,"featured_media":16557,"comment_status":"closed","ping_status":"closed","sticky":false,"template":"","format":"standard","meta":{"footnotes":""},"categories":[33],"tags":[],"_links":{"self":[{"href":"https:\/\/www.conselharan.org\/ca\/wp-json\/wp\/v2\/posts\/16562"}],"collection":[{"href":"https:\/\/www.conselharan.org\/ca\/wp-json\/wp\/v2\/posts"}],"about":[{"href":"https:\/\/www.conselharan.org\/ca\/wp-json\/wp\/v2\/types\/post"}],"author":[{"embeddable":true,"href":"https:\/\/www.conselharan.org\/ca\/wp-json\/wp\/v2\/users\/2"}],"replies":[{"embeddable":true,"href":"https:\/\/www.conselharan.org\/ca\/wp-json\/wp\/v2\/comments?post=16562"}],"version-history":[{"count":1,"href":"https:\/\/www.conselharan.org\/ca\/wp-json\/wp\/v2\/posts\/16562\/revisions"}],"predecessor-version":[{"id":16563,"href":"https:\/\/www.conselharan.org\/ca\/wp-json\/wp\/v2\/posts\/16562\/revisions\/16563"}],"wp:featuredmedia":[{"embeddable":true,"href":"https:\/\/www.conselharan.org\/ca\/wp-json\/wp\/v2\/media\/16557"}],"wp:attachment":[{"href":"https:\/\/www.conselharan.org\/ca\/wp-json\/wp\/v2\/media?parent=16562"}],"wp:term":[{"taxonomy":"category","embeddable":true,"href":"https:\/\/www.conselharan.org\/ca\/wp-json\/wp\/v2\/categories?post=16562"},{"taxonomy":"post_tag","embeddable":true,"href":"https:\/\/www.conselharan.org\/ca\/wp-json\/wp\/v2\/tags?post=16562"}],"curies":[{"name":"wp","href":"https:\/\/api.w.org\/{rel}","templated":true}]}}