{"id":16574,"date":"2017-03-24T14:34:41","date_gmt":"2017-03-24T13:34:41","guid":{"rendered":"http:\/\/www.conselharan.org\/ca\/?p=16574"},"modified":"2017-03-30T14:04:37","modified_gmt":"2017-03-30T12:04:37","slug":"cessio-a-larxiu-general-daran-de-30-000-imatges-del-fotograf-aranes-toni-estany","status":"publish","type":"post","link":"https:\/\/www.conselharan.org\/ca\/cessio-a-larxiu-general-daran-de-30-000-imatges-del-fotograf-aranes-toni-estany\/","title":{"rendered":"Cessi\u00f3 a l\u2019Arxiu General d\u2019Aran de 30.000 imatges del fot\u00f2graf aran\u00e8s Toni Estany"},"content":{"rendered":"<ul>\n<li><strong>Ha col\u2022laborat en diversos estudis i publicacions i a l&#8217;abril de 2016 es va poder veure a Vielha una exposici\u00f3 amb una mostra de 33 esp\u00e8cies de lib\u00e8l\u2022lules que es poden trobar a la Val d\u2019Aran.<\/strong><\/li>\n<\/ul>\n<ul>\n<li><strong>L&#8217;estudi i fotografia de les mateixes el van portar a descobrir quatre esp\u00e8cies noves a la Val d\u2019Aran<\/strong>.<\/li>\n<\/ul>\n<p>&nbsp;<\/p>\n<p><img loading=\"lazy\" decoding=\"async\" class=\"aligncenter size-large wp-image-16572\" src=\"http:\/\/www.conselharan.org\/wp-content\/uploads\/2017\/03\/DSC_1049-1024x838.jpg\" alt=\"DSC_1049\" width=\"1024\" height=\"838\" srcset=\"https:\/\/www.conselharan.org\/wp-content\/uploads\/2017\/03\/DSC_1049-1024x838.jpg 1024w, https:\/\/www.conselharan.org\/wp-content\/uploads\/2017\/03\/DSC_1049-300x245.jpg 300w, https:\/\/www.conselharan.org\/wp-content\/uploads\/2017\/03\/DSC_1049-768x628.jpg 768w\" sizes=\"(max-width: 1024px) 100vw, 1024px\" \/><\/p>\n<p>&nbsp;<\/p>\n<p>El s\u00edndic d\u2019Aran, <strong>Carlos Barrera<\/strong>, la directora de l&#8217;Arxiu General d\u2019Aran, <strong>Maria Pau G\u00f3mez<\/strong> i la dona de Toni Estany, <strong>Maria Jos\u00e9 Gonz\u00e1lez<\/strong>, han signat el contracte de cessi\u00f3 del fons del fot\u00f2graf aran\u00e8s, Toni Estany, format per unes 30.000 imatges (negatius i positius).<\/p>\n<p>En paraules del s\u00edndic d\u2019Aran, <strong>Carlos Barrera: \u201cEs tracta d\u2019un fons de gran rellev\u00e0ncia i inter\u00e8s que recull imatges de la natura, flora i fauna de la Val d\u2019Aran. Des del Gov\u00e8rn d\u2019Aran agra\u00efm la responsabilitat i la generositat en voler que aquest patrimoni sigui conservat en les millors condicions i en les millors instal\u2022lacions com \u00e9s l&#8217;Arxiu General d\u2019Aran\u201d.<\/strong><\/p>\n<p>Toni Estany neix a Vielha el 1962, de la m\u00e0 de Jos\u00e9 Porras s\u2019inicia en la fotografia i obt\u00e9 la seva primera c\u00e0mera fotogr\u00e0fica. Munta el seu propi laboratori a casa seva per poder revelar les fotografies. Els seus primers treballs fotogr\u00e0fics es centren en els paisatges, les persones i la flora i fauna aranesa. Posteriorment centrar\u00e0 els seus treballs en la fotografia d\u2019insectes, sent el seu treball m\u00e9s destacat el dedicat a les lib\u00e8l\u2022lules. L&#8217;estudi i fotografia de les mateixes el van portar a descobrir quatre esp\u00e8cies noves a la Val d\u2019Aran. Ha col\u2022laborat en diversos estudis i publicacions sobre aquest tema i a l&#8217;abril de 2016 es va podar veure a Vielha una exposici\u00f3 amb una mostra de 33 esp\u00e8cies de lib\u00e8l\u2022lules que es poden trobar a la Val d\u2019Aran.<\/p>\n<p><strong>Carlos Barrera<\/strong>, s\u00edndic d\u2019Aran, ha subratllat: <strong>\u201cEnguany es col\u2022locar\u00e0 en la Bassa d\u2019Oles un cartell informatiu de sensibilitzaci\u00f3 cap a la natura, insectes i lib\u00e8l\u2022lules amb fotografies de Toni Estany\u201d.<\/strong><\/p>\n<p>&nbsp;<\/p>\n<p>&nbsp;<\/p>\n<p>&nbsp;<\/p>\n<p>&nbsp;<\/p>\n<p>Vielha, 24 de mar\u00e7 de 2017<\/p>\n<p>&nbsp;<\/p>\n<p><em>Conselh Generau d&#8217;Aran: N\u00faria Sanjuan<\/em><\/p>\n ","protected":false},"excerpt":{"rendered":"<p>Ha col\u2022laborat en diversos estudis i publicacions i a l&#8217;abril de 2016 es va poder veure a Vielha una exposici\u00f3 amb una mostra de 33 esp\u00e8cies de lib\u00e8l\u2022lules que es poden trobar a la Val d\u2019Aran. L&#8217;estudi i fotografia de les mateixes el van portar a descobrir quatre esp\u00e8cies noves a la Val d\u2019Aran. &nbsp;&#8230;<\/p>\n","protected":false},"author":2,"featured_media":16572,"comment_status":"closed","ping_status":"closed","sticky":false,"template":"","format":"standard","meta":{"footnotes":""},"categories":[53,127],"tags":[],"_links":{"self":[{"href":"https:\/\/www.conselharan.org\/ca\/wp-json\/wp\/v2\/posts\/16574"}],"collection":[{"href":"https:\/\/www.conselharan.org\/ca\/wp-json\/wp\/v2\/posts"}],"about":[{"href":"https:\/\/www.conselharan.org\/ca\/wp-json\/wp\/v2\/types\/post"}],"author":[{"embeddable":true,"href":"https:\/\/www.conselharan.org\/ca\/wp-json\/wp\/v2\/users\/2"}],"replies":[{"embeddable":true,"href":"https:\/\/www.conselharan.org\/ca\/wp-json\/wp\/v2\/comments?post=16574"}],"version-history":[{"count":3,"href":"https:\/\/www.conselharan.org\/ca\/wp-json\/wp\/v2\/posts\/16574\/revisions"}],"predecessor-version":[{"id":16577,"href":"https:\/\/www.conselharan.org\/ca\/wp-json\/wp\/v2\/posts\/16574\/revisions\/16577"}],"wp:featuredmedia":[{"embeddable":true,"href":"https:\/\/www.conselharan.org\/ca\/wp-json\/wp\/v2\/media\/16572"}],"wp:attachment":[{"href":"https:\/\/www.conselharan.org\/ca\/wp-json\/wp\/v2\/media?parent=16574"}],"wp:term":[{"taxonomy":"category","embeddable":true,"href":"https:\/\/www.conselharan.org\/ca\/wp-json\/wp\/v2\/categories?post=16574"},{"taxonomy":"post_tag","embeddable":true,"href":"https:\/\/www.conselharan.org\/ca\/wp-json\/wp\/v2\/tags?post=16574"}],"curies":[{"name":"wp","href":"https:\/\/api.w.org\/{rel}","templated":true}]}}