{"id":16597,"date":"2017-03-24T16:03:20","date_gmt":"2017-03-24T15:03:20","guid":{"rendered":"http:\/\/www.conselharan.org\/ca\/?p=16597"},"modified":"2017-03-24T16:03:20","modified_gmt":"2017-03-24T15:03:20","slug":"subvencions-del-conselh-generau-daran-per-a-lexercici-2017","status":"publish","type":"post","link":"https:\/\/www.conselharan.org\/ca\/subvencions-del-conselh-generau-daran-per-a-lexercici-2017\/","title":{"rendered":"Subvencions del Conselh Generau d&#8217;Aran per a l&#8217;exercici 2017"},"content":{"rendered":"<p>Vielha, 24 de mar\u00e7 de 2017.- El termini per a la presentaci\u00f3 de sol\u00b7licitud de subvencions del Conselh Generau d&#8217;Aran finalitza el proper 15 de juny de 2017.<\/p>\n<p><a href=\"http:\/\/www.conselharan.org\/wp-content\/uploads\/2017\/03\/subvencions2.jpg\"><img loading=\"lazy\" decoding=\"async\" class=\"aligncenter size-large wp-image-16593\" src=\"http:\/\/www.conselharan.org\/wp-content\/uploads\/2017\/03\/subvencions2-1024x536.jpg\" alt=\"subvencions2\" width=\"1024\" height=\"536\" srcset=\"https:\/\/www.conselharan.org\/wp-content\/uploads\/2017\/03\/subvencions2-1024x536.jpg 1024w, https:\/\/www.conselharan.org\/wp-content\/uploads\/2017\/03\/subvencions2-300x157.jpg 300w, https:\/\/www.conselharan.org\/wp-content\/uploads\/2017\/03\/subvencions2-768x402.jpg 768w, https:\/\/www.conselharan.org\/wp-content\/uploads\/2017\/03\/subvencions2.jpg 1200w\" sizes=\"(max-width: 1024px) 100vw, 1024px\" \/><\/a><\/p>\n<p>Els diversos \u00e0mbits objecte d&#8217;aquestes convocat\u00f2ries s\u00f3n els seg\u00fcents:<\/p>\n<p>&nbsp;<\/p>\n<p><strong>Subvencions en l&#8217;\u00e0rea de cultura i llengua.<\/strong><\/p>\n<p>El Conselh de Govern del Conselh Generau d&#8217;Aran de data 21 de febrer de 2017 va aprovar la convocat\u00f2ria per a la concessi\u00f3 de subvencions en l&#8217;\u00e0rea de cultura i llengua per a l&#8217;any 2017. La concessi\u00f3 d&#8217;ajudes i subvencions econ\u00f2miques que lliura el Conselh Generau d Aran en l&#8217;\u00e0rea de la difusi\u00f3 i dinamitzaci\u00f3 cultural a la Val d&#8217;Aran.<\/p>\n<p>&nbsp;<\/p>\n<p>L&#8217;\u00e0mbit temporal d&#8217;execuci\u00f3 de les activitats a realitzar comprendr\u00e0 el termini compr\u00e8s entre l&#8217;1 de gener de 2017 i al 31 de desembre de 2017.<\/p>\n<p><a href=\"http:\/\/www.conselharan.org\/wp-content\/uploads\/2017\/03\/Convocat%C3%B2ria-subvencions-Cultura-2017.pdf\">http:\/\/www.conselharan.org\/wp-content\/uploads\/2017\/03\/Convocat%C3%B2ria-subvencions-Cultura-2017.pdf<\/a><\/p>\n<p>&nbsp;<\/p>\n<p><strong>Subvencions en l&#8217;\u00e0rea d&#8217;esports.<\/strong><\/p>\n<p>El Conselh de Govern del Conselh Generau d&#8217;Aran de data 21 de febrer de 2017 va aprovar la convocat\u00f2ria per a la concessi\u00f3 de subvencions en l&#8217;\u00e0rea d&#8217;esports per a l&#8217;any 2017. La concessi\u00f3 d&#8217;ajudes i subvencions econ\u00f2miques que lliura el Conselh Generau d&#8217;Aran en l&#8217;\u00e0rea d&#8217;esports a la Val d&#8217;Aran.<\/p>\n<p>&nbsp;<\/p>\n<p>L&#8217;\u00e0mbit temporal d&#8217;execuci\u00f3 de les activitats a realitzar comprendr\u00e0 el termini compr\u00e8s entre l&#8217;1 de gener de 2017 i al 31 de desembre de 2017.<\/p>\n<p><a href=\"http:\/\/www.conselharan.org\/wp-content\/uploads\/2017\/03\/Convocat%C3%B2ria-subvencions-Esports-2017.pdf\">http:\/\/www.conselharan.org\/wp-content\/uploads\/2017\/03\/Convocat%C3%B2ria-subvencions-Esports-2017.pdf<\/a><\/p>\n<p>&nbsp;<\/p>\n<p><strong>Subvencions en diferents \u00e0rees. <\/strong><\/p>\n<p>El Conselh de Govern del Conselh Generau d&#8217;Aran de data 21 de febrer de 2017 va aprovar la convocat\u00f2ria per a la concessi\u00f3 de subvencions en diferents \u00e0rees per a l&#8217;any 2017.<\/p>\n<p>La concessi\u00f3 d&#8217;ajudes i subvencions econ\u00f2miques que lliura el Conselh Generau d&#8217;Aran en les \u00e0rees de: <strong>medi ambient, acci\u00f3 social, joventut, ensenyament i promoci\u00f3 tur\u00edstica a la Val d&#8217;Aran.<\/strong><\/p>\n<p><strong><a href=\"http:\/\/www.conselharan.org\/wp-content\/uploads\/2017\/03\/Convocat%C3%B2ria-subvencions-Auti-Airaus-2017.pdf\">http:\/\/www.conselharan.org\/wp-content\/uploads\/2017\/03\/Convocat%C3%B2ria-subvencions-Auti-Airaus-2017.pdf<\/a> <\/strong><\/p>\n<p>&nbsp;<\/p>\n<p>L&#8217;\u00e0mbit temporal d&#8217;execuci\u00f3 de les activitats a realitzar comprendr\u00e0 el termini compr\u00e8s entre l&#8217;1 de gener de 2017 i al 31 de desembre de 2017.<\/p>\n ","protected":false},"excerpt":{"rendered":"<p>Vielha, 24 de mar\u00e7 de 2017.- El termini per a la presentaci\u00f3 de sol\u00b7licitud de subvencions del Conselh Generau d&#8217;Aran finalitza el proper 15 de juny de 2017. Els diversos \u00e0mbits objecte d&#8217;aquestes convocat\u00f2ries s\u00f3n els seg\u00fcents: &nbsp; Subvencions en l&#8217;\u00e0rea de cultura i llengua. El Conselh de Govern del Conselh Generau d&#8217;Aran de data&#8230;<\/p>\n","protected":false},"author":2,"featured_media":16592,"comment_status":"closed","ping_status":"closed","sticky":false,"template":"","format":"standard","meta":{"footnotes":""},"categories":[53],"tags":[],"_links":{"self":[{"href":"https:\/\/www.conselharan.org\/ca\/wp-json\/wp\/v2\/posts\/16597"}],"collection":[{"href":"https:\/\/www.conselharan.org\/ca\/wp-json\/wp\/v2\/posts"}],"about":[{"href":"https:\/\/www.conselharan.org\/ca\/wp-json\/wp\/v2\/types\/post"}],"author":[{"embeddable":true,"href":"https:\/\/www.conselharan.org\/ca\/wp-json\/wp\/v2\/users\/2"}],"replies":[{"embeddable":true,"href":"https:\/\/www.conselharan.org\/ca\/wp-json\/wp\/v2\/comments?post=16597"}],"version-history":[{"count":1,"href":"https:\/\/www.conselharan.org\/ca\/wp-json\/wp\/v2\/posts\/16597\/revisions"}],"predecessor-version":[{"id":16598,"href":"https:\/\/www.conselharan.org\/ca\/wp-json\/wp\/v2\/posts\/16597\/revisions\/16598"}],"wp:featuredmedia":[{"embeddable":true,"href":"https:\/\/www.conselharan.org\/ca\/wp-json\/wp\/v2\/media\/16592"}],"wp:attachment":[{"href":"https:\/\/www.conselharan.org\/ca\/wp-json\/wp\/v2\/media?parent=16597"}],"wp:term":[{"taxonomy":"category","embeddable":true,"href":"https:\/\/www.conselharan.org\/ca\/wp-json\/wp\/v2\/categories?post=16597"},{"taxonomy":"post_tag","embeddable":true,"href":"https:\/\/www.conselharan.org\/ca\/wp-json\/wp\/v2\/tags?post=16597"}],"curies":[{"name":"wp","href":"https:\/\/api.w.org\/{rel}","templated":true}]}}