{"id":16650,"date":"2017-03-29T14:44:56","date_gmt":"2017-03-29T12:44:56","guid":{"rendered":"http:\/\/www.conselharan.org\/ca\/?p=16650"},"modified":"2017-03-29T14:44:57","modified_gmt":"2017-03-29T12:44:57","slug":"final-nacional-desqui-alpi-de-catalunya-desport-escolar-organitzada-pel-conselh-esportiu-dera-val-daran","status":"publish","type":"post","link":"https:\/\/www.conselharan.org\/ca\/final-nacional-desqui-alpi-de-catalunya-desport-escolar-organitzada-pel-conselh-esportiu-dera-val-daran\/","title":{"rendered":"Final Nacional d&#8217;Esqu\u00ed Alp\u00ed de Catalunya d&#8217;esport escolar organitzada pel Conselh Esportiu dera Val d&#8217;Aran"},"content":{"rendered":"<p>&nbsp;<\/p>\n<p>Vielha, 29 de mar\u00e7 de 2017.- El passat diumenge 26 de mar\u00e7 es va disputar al Stadium de Beret, la Final Nacional d&#8217;Esqu\u00ed Alp\u00ed dels Jocs Esportius Escolars de Catalunya, coincidint amb el final de la temporada de la XXXV Campanya d&#8217;Esqu\u00ed del Conselh Generau d&#8217;Aran a trav\u00e9s del Conselh Esportiu, que enguany ha comptat amb la participaci\u00f3 de prop de 100 nens i nenes de la Val d&#8217;Aran.<\/p>\n<p><a href=\"http:\/\/www.conselharan.org\/wp-content\/uploads\/2017\/03\/WhatsApp-Image-2017-03-29-at-13.59.49.jpeg\"><img loading=\"lazy\" decoding=\"async\" class=\"aligncenter size-large wp-image-16645\" src=\"http:\/\/www.conselharan.org\/wp-content\/uploads\/2017\/03\/WhatsApp-Image-2017-03-29-at-13.59.49-1024x683.jpeg\" alt=\"WhatsApp Image 2017-03-29 at 13.59.49\" width=\"1024\" height=\"683\" srcset=\"https:\/\/www.conselharan.org\/wp-content\/uploads\/2017\/03\/WhatsApp-Image-2017-03-29-at-13.59.49-1024x683.jpeg 1024w, https:\/\/www.conselharan.org\/wp-content\/uploads\/2017\/03\/WhatsApp-Image-2017-03-29-at-13.59.49-300x200.jpeg 300w, https:\/\/www.conselharan.org\/wp-content\/uploads\/2017\/03\/WhatsApp-Image-2017-03-29-at-13.59.49-768x512.jpeg 768w, https:\/\/www.conselharan.org\/wp-content\/uploads\/2017\/03\/WhatsApp-Image-2017-03-29-at-13.59.49.jpeg 1600w\" sizes=\"(max-width: 1024px) 100vw, 1024px\" \/><\/a><\/p>\n<p><strong>M\u00e9s de 250 joves esquiadors de totes les categories<\/strong>, des de benjamins fins a juvenils, procedents de diferents comarques catalanes, van disputar la final organitzada pel Conselh Esportiu dera Val d&#8217;Aran amb la col\u00b7laboraci\u00f3 dels Consells Esportius de Catalunya, la Secretaria General de l&#8217;Esport de la Generalitat de Catalunya i l&#8217;estaci\u00f3 d&#8217;esqu\u00ed de Baqueira-Beret.<\/p>\n<p>El vicesindic d&#8217;Aran i conselh\u00e8r d&#8217;Esports i Joventut del Govern d&#8217;Aran, <strong>Luis Carlos<\/strong> <strong>Medina<\/strong>, va agrair durant el lliurament de premis la col\u00b7laboraci\u00f3 de les entitats i administracions en l&#8217;organitzaci\u00f3 de la competici\u00f3, i va animar a tots els joves esportistes a seguir formant-se en els valors de l&#8217;esqu\u00ed.<\/p>\n<p style=\"text-align: center;\">\n<p style=\"text-align: center;\"><strong>Clasificaci\u00f3 CORSA CONSELH ESPORTIU DERA VAL D&#8217;ARAN<\/strong><\/p>\n<p style=\"text-align: center;\"><strong><a href=\"http:\/\/www.conselharan.org\/wp-content\/uploads\/2017\/03\/Clasificacion-Conselh-Esportiu-Vall-Daran.pdf\">http:\/\/www.conselharan.org\/wp-content\/uploads\/2017\/03\/Clasificacion-Conselh-Esportiu-Vall-Daran.pdf<\/a><\/strong><\/p>\n<p><a href=\"http:\/\/www.conselharan.org\/wp-content\/uploads\/2017\/03\/WhatsApp-Image-2017-03-29-at-13.59.51.jpeg\"><img loading=\"lazy\" decoding=\"async\" class=\"aligncenter size-large wp-image-16641\" src=\"http:\/\/www.conselharan.org\/wp-content\/uploads\/2017\/03\/WhatsApp-Image-2017-03-29-at-13.59.51-1024x683.jpeg\" alt=\"WhatsApp Image 2017-03-29 at 13.59.51\" width=\"1024\" height=\"683\" srcset=\"https:\/\/www.conselharan.org\/wp-content\/uploads\/2017\/03\/WhatsApp-Image-2017-03-29-at-13.59.51-1024x683.jpeg 1024w, https:\/\/www.conselharan.org\/wp-content\/uploads\/2017\/03\/WhatsApp-Image-2017-03-29-at-13.59.51-300x200.jpeg 300w, https:\/\/www.conselharan.org\/wp-content\/uploads\/2017\/03\/WhatsApp-Image-2017-03-29-at-13.59.51-768x512.jpeg 768w, https:\/\/www.conselharan.org\/wp-content\/uploads\/2017\/03\/WhatsApp-Image-2017-03-29-at-13.59.51.jpeg 1600w\" sizes=\"(max-width: 1024px) 100vw, 1024px\" \/><\/a> <a href=\"http:\/\/www.conselharan.org\/wp-content\/uploads\/2017\/03\/WhatsApp-Image-2017-03-29-at-13.59.524.jpeg\"><img loading=\"lazy\" decoding=\"async\" class=\"aligncenter size-large wp-image-16643\" src=\"http:\/\/www.conselharan.org\/wp-content\/uploads\/2017\/03\/WhatsApp-Image-2017-03-29-at-13.59.524-1024x1024.jpeg\" alt=\"WhatsApp Image 2017-03-29 at 13.59.524\" width=\"1024\" height=\"1024\" srcset=\"https:\/\/www.conselharan.org\/wp-content\/uploads\/2017\/03\/WhatsApp-Image-2017-03-29-at-13.59.524-1024x1024.jpeg 1024w, https:\/\/www.conselharan.org\/wp-content\/uploads\/2017\/03\/WhatsApp-Image-2017-03-29-at-13.59.524-150x150.jpeg 150w, https:\/\/www.conselharan.org\/wp-content\/uploads\/2017\/03\/WhatsApp-Image-2017-03-29-at-13.59.524-300x300.jpeg 300w, https:\/\/www.conselharan.org\/wp-content\/uploads\/2017\/03\/WhatsApp-Image-2017-03-29-at-13.59.524-768x768.jpeg 768w, https:\/\/www.conselharan.org\/wp-content\/uploads\/2017\/03\/WhatsApp-Image-2017-03-29-at-13.59.524-270x270.jpeg 270w, https:\/\/www.conselharan.org\/wp-content\/uploads\/2017\/03\/WhatsApp-Image-2017-03-29-at-13.59.524-207x207.jpeg 207w, https:\/\/www.conselharan.org\/wp-content\/uploads\/2017\/03\/WhatsApp-Image-2017-03-29-at-13.59.524-75x75.jpeg 75w, https:\/\/www.conselharan.org\/wp-content\/uploads\/2017\/03\/WhatsApp-Image-2017-03-29-at-13.59.524.jpeg 1318w\" sizes=\"(max-width: 1024px) 100vw, 1024px\" \/><\/a> <a href=\"http:\/\/www.conselharan.org\/wp-content\/uploads\/2017\/03\/WhatsApp-Image-2017-03-29-at-13.59.07.jpeg\"><img loading=\"lazy\" decoding=\"async\" class=\"aligncenter size-large wp-image-16644\" src=\"http:\/\/www.conselharan.org\/wp-content\/uploads\/2017\/03\/WhatsApp-Image-2017-03-29-at-13.59.07-1024x682.jpeg\" alt=\"WhatsApp Image 2017-03-29 at 13.59.07\" width=\"1024\" height=\"682\" srcset=\"https:\/\/www.conselharan.org\/wp-content\/uploads\/2017\/03\/WhatsApp-Image-2017-03-29-at-13.59.07-1024x682.jpeg 1024w, https:\/\/www.conselharan.org\/wp-content\/uploads\/2017\/03\/WhatsApp-Image-2017-03-29-at-13.59.07-300x200.jpeg 300w, https:\/\/www.conselharan.org\/wp-content\/uploads\/2017\/03\/WhatsApp-Image-2017-03-29-at-13.59.07-768x512.jpeg 768w, https:\/\/www.conselharan.org\/wp-content\/uploads\/2017\/03\/WhatsApp-Image-2017-03-29-at-13.59.07.jpeg 1600w\" sizes=\"(max-width: 1024px) 100vw, 1024px\" \/><\/a><\/p>\n ","protected":false},"excerpt":{"rendered":"<p>&nbsp; Vielha, 29 de mar\u00e7 de 2017.- El passat diumenge 26 de mar\u00e7 es va disputar al Stadium de Beret, la Final Nacional d&#8217;Esqu\u00ed Alp\u00ed dels Jocs Esportius Escolars de Catalunya, coincidint amb el final de la temporada de la XXXV Campanya d&#8217;Esqu\u00ed del Conselh Generau d&#8217;Aran a trav\u00e9s del Conselh Esportiu, que enguany ha&#8230;<\/p>\n","protected":false},"author":2,"featured_media":16645,"comment_status":"closed","ping_status":"closed","sticky":false,"template":"","format":"standard","meta":{"footnotes":""},"categories":[136],"tags":[],"_links":{"self":[{"href":"https:\/\/www.conselharan.org\/ca\/wp-json\/wp\/v2\/posts\/16650"}],"collection":[{"href":"https:\/\/www.conselharan.org\/ca\/wp-json\/wp\/v2\/posts"}],"about":[{"href":"https:\/\/www.conselharan.org\/ca\/wp-json\/wp\/v2\/types\/post"}],"author":[{"embeddable":true,"href":"https:\/\/www.conselharan.org\/ca\/wp-json\/wp\/v2\/users\/2"}],"replies":[{"embeddable":true,"href":"https:\/\/www.conselharan.org\/ca\/wp-json\/wp\/v2\/comments?post=16650"}],"version-history":[{"count":1,"href":"https:\/\/www.conselharan.org\/ca\/wp-json\/wp\/v2\/posts\/16650\/revisions"}],"predecessor-version":[{"id":16651,"href":"https:\/\/www.conselharan.org\/ca\/wp-json\/wp\/v2\/posts\/16650\/revisions\/16651"}],"wp:featuredmedia":[{"embeddable":true,"href":"https:\/\/www.conselharan.org\/ca\/wp-json\/wp\/v2\/media\/16645"}],"wp:attachment":[{"href":"https:\/\/www.conselharan.org\/ca\/wp-json\/wp\/v2\/media?parent=16650"}],"wp:term":[{"taxonomy":"category","embeddable":true,"href":"https:\/\/www.conselharan.org\/ca\/wp-json\/wp\/v2\/categories?post=16650"},{"taxonomy":"post_tag","embeddable":true,"href":"https:\/\/www.conselharan.org\/ca\/wp-json\/wp\/v2\/tags?post=16650"}],"curies":[{"name":"wp","href":"https:\/\/api.w.org\/{rel}","templated":true}]}}