{"id":16674,"date":"2017-03-30T11:47:14","date_gmt":"2017-03-30T09:47:14","guid":{"rendered":"http:\/\/www.conselharan.org\/ca\/?p=16674"},"modified":"2017-03-30T11:47:14","modified_gmt":"2017-03-30T09:47:14","slug":"5-podis-del-club-ceva-en-els-campionats-despanya-desqui-alpi-u14-i-u16-a-aramon-cerler","status":"publish","type":"post","link":"https:\/\/www.conselharan.org\/ca\/5-podis-del-club-ceva-en-els-campionats-despanya-desqui-alpi-u14-i-u16-a-aramon-cerler\/","title":{"rendered":"5 Podis del Club CEVA en els Campionats d&#8217;Espanya d&#8217;Esqu\u00ed Alp\u00ed U14 i U16 a Aram\u00f3n-Cerler"},"content":{"rendered":"<p><strong>Lisa Vallcorba1\u00aa de la General de la Copa d\u2019Espanya 2016\/2017<\/strong><\/p>\n<p><strong>Lisa Vallcorba y Eugene Brotons del Club CEVA Campiones d\u2019Espanya a Cerler<\/strong><\/p>\n<p><a href=\"http:\/\/www.conselharan.org\/wp-content\/uploads\/2017\/03\/IMG_5858.jpg\"><img loading=\"lazy\" decoding=\"async\" class=\"aligncenter size-large wp-image-16668\" src=\"http:\/\/www.conselharan.org\/wp-content\/uploads\/2017\/03\/IMG_5858-1024x795.jpg\" alt=\"IMG_5858\" width=\"1024\" height=\"795\" srcset=\"https:\/\/www.conselharan.org\/wp-content\/uploads\/2017\/03\/IMG_5858-1024x795.jpg 1024w, https:\/\/www.conselharan.org\/wp-content\/uploads\/2017\/03\/IMG_5858-300x233.jpg 300w, https:\/\/www.conselharan.org\/wp-content\/uploads\/2017\/03\/IMG_5858-768x596.jpg 768w, https:\/\/www.conselharan.org\/wp-content\/uploads\/2017\/03\/IMG_5858.jpg 1500w\" sizes=\"(max-width: 1024px) 100vw, 1024px\" \/><\/a><\/p>\n<p>Lisa Vallcorba del Club CEVA, s\u2019ha proclamat dilluns campiona d\u2019Espanya de GS U16 a Cerler. Amb aquesta vict\u00f2ria<strong>, Vallcorba s\u2019ha proclamat tamb\u00e9 campiona de la classificaci\u00f3 General de la Copa d\u2019Espanya 2016\/2017.<\/strong><\/p>\n<p>Els Campionats d&#8217;Espanya d&#8217;Esqu\u00ed Alp\u00ed U14 \/ U16, organitzats per la Reial Federaci\u00f3 Espanyola d&#8217;Esports d&#8217;Hivern (RFEDI) i la Federaci\u00f3 Aragonesa Esports d&#8217;Hivern van acollir prop de 150 esquiadors. La cita esportiva va ser l&#8217;\u00faltima de les proves de la Copa d&#8217;Espanya Audi de la categoria.<\/p>\n<p><strong>Lisa Vallcorba<\/strong> i <strong>Eugene Brotons<\/strong> del Club CEVA, s\u2019han proclamat Campiones d\u2019Espanya d\u2019esqu\u00ed alp\u00ed U14\/U16, a la cursa que s\u2019ha disputat a Aramon-Cerler.<\/p>\n<p>Eugene Brotons va ser la clara guanyadora de l&#8217;Esl\u00e0lom Gegant en categoria U14, aconseguint la 4a medalla dels Campionats d&#8217;Espanya per al Club CEVA; mentre Lisa Vallcorba aconseguia la primera posici\u00f3 a l\u2019Esl\u00e0lom Gegant en la categoria U16.<\/p>\n<p><a href=\"http:\/\/www.conselharan.org\/wp-content\/uploads\/2017\/03\/IMG_5897.jpg\"><img loading=\"lazy\" decoding=\"async\" class=\"aligncenter size-large wp-image-16669\" src=\"http:\/\/www.conselharan.org\/wp-content\/uploads\/2017\/03\/IMG_5897-1024x768.jpg\" alt=\"IMG_5897\" width=\"1024\" height=\"768\" srcset=\"https:\/\/www.conselharan.org\/wp-content\/uploads\/2017\/03\/IMG_5897-1024x768.jpg 1024w, https:\/\/www.conselharan.org\/wp-content\/uploads\/2017\/03\/IMG_5897-300x225.jpg 300w, https:\/\/www.conselharan.org\/wp-content\/uploads\/2017\/03\/IMG_5897-768x576.jpg 768w, https:\/\/www.conselharan.org\/wp-content\/uploads\/2017\/03\/IMG_5897.jpg 1600w\" sizes=\"(max-width: 1024px) 100vw, 1024px\" \/><\/a><a href=\"http:\/\/www.conselharan.org\/wp-content\/uploads\/2017\/03\/IMG_5857.jpg\"><img loading=\"lazy\" decoding=\"async\" class=\"aligncenter size-large wp-image-16675\" src=\"http:\/\/www.conselharan.org\/wp-content\/uploads\/2017\/03\/IMG_5857-1024x744.jpg\" alt=\"IMG_5857\" width=\"1024\" height=\"744\" srcset=\"https:\/\/www.conselharan.org\/wp-content\/uploads\/2017\/03\/IMG_5857-1024x744.jpg 1024w, https:\/\/www.conselharan.org\/wp-content\/uploads\/2017\/03\/IMG_5857-300x218.jpg 300w, https:\/\/www.conselharan.org\/wp-content\/uploads\/2017\/03\/IMG_5857-768x558.jpg 768w, https:\/\/www.conselharan.org\/wp-content\/uploads\/2017\/03\/IMG_5857.jpg 1500w\" sizes=\"(max-width: 1024px) 100vw, 1024px\" \/><\/a><\/p>\n<p>Les corredores del Club CEVA, van aconseguir la vict\u00f2ria en el SL U16 y GS U14 dels Campionats d\u2019Espanya. Cal destacar la segona posici\u00f3 d\u2018Eugene Brotons a la classificaci\u00f3 General a la categoria U16 de la Copa d\u2019Espanya, i el tercer lloc en la supercombinada.<\/p>\n<p>Per la seva part, <strong>Tom\u00e1s Barata<\/strong>, va aconseguir la 8\u00aa posici\u00f3 en Esl\u00e0lom Gegant de la categoria U14.<\/p>\n<p><a href=\"http:\/\/www.conselharan.org\/wp-content\/uploads\/2017\/03\/IMG_5683.jpg\"><img loading=\"lazy\" decoding=\"async\" class=\"aligncenter size-large wp-image-16663\" src=\"http:\/\/www.conselharan.org\/wp-content\/uploads\/2017\/03\/IMG_5683-1024x584.jpg\" alt=\"IMG_5683\" width=\"1024\" height=\"584\" srcset=\"https:\/\/www.conselharan.org\/wp-content\/uploads\/2017\/03\/IMG_5683-1024x584.jpg 1024w, https:\/\/www.conselharan.org\/wp-content\/uploads\/2017\/03\/IMG_5683-300x171.jpg 300w, https:\/\/www.conselharan.org\/wp-content\/uploads\/2017\/03\/IMG_5683-768x438.jpg 768w, https:\/\/www.conselharan.org\/wp-content\/uploads\/2017\/03\/IMG_5683-305x175.jpg 305w, https:\/\/www.conselharan.org\/wp-content\/uploads\/2017\/03\/IMG_5683.jpg 1500w\" sizes=\"(max-width: 1024px) 100vw, 1024px\" \/><\/a> <a href=\"http:\/\/www.conselharan.org\/wp-content\/uploads\/2017\/03\/IMG_5684.jpg\"><img loading=\"lazy\" decoding=\"async\" class=\"aligncenter size-large wp-image-16664\" src=\"http:\/\/www.conselharan.org\/wp-content\/uploads\/2017\/03\/IMG_5684-1024x564.jpg\" alt=\"IMG_5684\" width=\"1024\" height=\"564\" srcset=\"https:\/\/www.conselharan.org\/wp-content\/uploads\/2017\/03\/IMG_5684-1024x564.jpg 1024w, https:\/\/www.conselharan.org\/wp-content\/uploads\/2017\/03\/IMG_5684-300x165.jpg 300w, https:\/\/www.conselharan.org\/wp-content\/uploads\/2017\/03\/IMG_5684-768x423.jpg 768w, https:\/\/www.conselharan.org\/wp-content\/uploads\/2017\/03\/IMG_5684.jpg 1500w\" sizes=\"(max-width: 1024px) 100vw, 1024px\" \/><\/a> <a href=\"http:\/\/www.conselharan.org\/wp-content\/uploads\/2017\/03\/IMG_5687.jpg\"><img loading=\"lazy\" decoding=\"async\" class=\"aligncenter size-large wp-image-16665\" src=\"http:\/\/www.conselharan.org\/wp-content\/uploads\/2017\/03\/IMG_5687-1024x631.jpg\" alt=\"IMG_5687\" width=\"1024\" height=\"631\" srcset=\"https:\/\/www.conselharan.org\/wp-content\/uploads\/2017\/03\/IMG_5687-1024x631.jpg 1024w, https:\/\/www.conselharan.org\/wp-content\/uploads\/2017\/03\/IMG_5687-300x185.jpg 300w, https:\/\/www.conselharan.org\/wp-content\/uploads\/2017\/03\/IMG_5687-768x473.jpg 768w, https:\/\/www.conselharan.org\/wp-content\/uploads\/2017\/03\/IMG_5687.jpg 1500w\" sizes=\"(max-width: 1024px) 100vw, 1024px\" \/><\/a> <a href=\"http:\/\/www.conselharan.org\/wp-content\/uploads\/2017\/03\/IMG_5854.jpg\"><img loading=\"lazy\" decoding=\"async\" class=\"aligncenter size-large wp-image-16666\" src=\"http:\/\/www.conselharan.org\/wp-content\/uploads\/2017\/03\/IMG_5854-1024x711.jpg\" alt=\"IMG_5854\" width=\"1024\" height=\"711\" srcset=\"https:\/\/www.conselharan.org\/wp-content\/uploads\/2017\/03\/IMG_5854-1024x711.jpg 1024w, https:\/\/www.conselharan.org\/wp-content\/uploads\/2017\/03\/IMG_5854-300x208.jpg 300w, https:\/\/www.conselharan.org\/wp-content\/uploads\/2017\/03\/IMG_5854-768x534.jpg 768w, https:\/\/www.conselharan.org\/wp-content\/uploads\/2017\/03\/IMG_5854.jpg 1500w\" sizes=\"(max-width: 1024px) 100vw, 1024px\" \/><\/a><\/p>\n<p>&nbsp;<\/p>\n<p>&nbsp;<\/p>\n<p>&nbsp;<\/p>\n<p>&nbsp;<\/p>\n<p>&nbsp;<\/p>\n<p>&nbsp;<\/p>\n<p>&nbsp;<\/p>\n<p>&nbsp;<\/p>\n<p>&nbsp;<\/p>\n ","protected":false},"excerpt":{"rendered":"<p>Lisa Vallcorba1\u00aa de la General de la Copa d\u2019Espanya 2016\/2017 Lisa Vallcorba y Eugene Brotons del Club CEVA Campiones d\u2019Espanya a Cerler Lisa Vallcorba del Club CEVA, s\u2019ha proclamat dilluns campiona d\u2019Espanya de GS U16 a Cerler. Amb aquesta vict\u00f2ria, Vallcorba s\u2019ha proclamat tamb\u00e9 campiona de la classificaci\u00f3 General de la Copa d\u2019Espanya 2016\/2017. Els&#8230;<\/p>\n","protected":false},"author":2,"featured_media":16668,"comment_status":"closed","ping_status":"closed","sticky":false,"template":"","format":"standard","meta":{"footnotes":""},"categories":[136],"tags":[],"_links":{"self":[{"href":"https:\/\/www.conselharan.org\/ca\/wp-json\/wp\/v2\/posts\/16674"}],"collection":[{"href":"https:\/\/www.conselharan.org\/ca\/wp-json\/wp\/v2\/posts"}],"about":[{"href":"https:\/\/www.conselharan.org\/ca\/wp-json\/wp\/v2\/types\/post"}],"author":[{"embeddable":true,"href":"https:\/\/www.conselharan.org\/ca\/wp-json\/wp\/v2\/users\/2"}],"replies":[{"embeddable":true,"href":"https:\/\/www.conselharan.org\/ca\/wp-json\/wp\/v2\/comments?post=16674"}],"version-history":[{"count":1,"href":"https:\/\/www.conselharan.org\/ca\/wp-json\/wp\/v2\/posts\/16674\/revisions"}],"predecessor-version":[{"id":16676,"href":"https:\/\/www.conselharan.org\/ca\/wp-json\/wp\/v2\/posts\/16674\/revisions\/16676"}],"wp:featuredmedia":[{"embeddable":true,"href":"https:\/\/www.conselharan.org\/ca\/wp-json\/wp\/v2\/media\/16668"}],"wp:attachment":[{"href":"https:\/\/www.conselharan.org\/ca\/wp-json\/wp\/v2\/media?parent=16674"}],"wp:term":[{"taxonomy":"category","embeddable":true,"href":"https:\/\/www.conselharan.org\/ca\/wp-json\/wp\/v2\/categories?post=16674"},{"taxonomy":"post_tag","embeddable":true,"href":"https:\/\/www.conselharan.org\/ca\/wp-json\/wp\/v2\/tags?post=16674"}],"curies":[{"name":"wp","href":"https:\/\/api.w.org\/{rel}","templated":true}]}}