{"id":16682,"date":"2017-03-30T13:58:35","date_gmt":"2017-03-30T11:58:35","guid":{"rendered":"http:\/\/www.conselharan.org\/ca\/?p=16682"},"modified":"2017-03-30T14:01:13","modified_gmt":"2017-03-30T12:01:13","slug":"aran-park-obre-les-seves-portes-aquest-dissabte-1-dabril","status":"publish","type":"post","link":"https:\/\/www.conselharan.org\/ca\/aran-park-obre-les-seves-portes-aquest-dissabte-1-dabril\/","title":{"rendered":"Aran Park obre les seves portes aquest dissabte, 1 d\u2019abril"},"content":{"rendered":"<p><img loading=\"lazy\" decoding=\"async\" class=\"aligncenter size-large wp-image-16680\" src=\"http:\/\/www.conselharan.org\/wp-content\/uploads\/2017\/03\/174640loup-1024x681.jpg\" alt=\"174640loup\" width=\"1024\" height=\"681\" srcset=\"https:\/\/www.conselharan.org\/wp-content\/uploads\/2017\/03\/174640loup-1024x681.jpg 1024w, https:\/\/www.conselharan.org\/wp-content\/uploads\/2017\/03\/174640loup-300x200.jpg 300w, https:\/\/www.conselharan.org\/wp-content\/uploads\/2017\/03\/174640loup-768x511.jpg 768w, https:\/\/www.conselharan.org\/wp-content\/uploads\/2017\/03\/174640loup.jpg 1200w\" sizes=\"(max-width: 1024px) 100vw, 1024px\" \/><br \/>\nDespr\u00e9s del descans d\u2019aquests mesos, els animals d\u2019<strong>Aran Park<\/strong>, el parc de Fauna de la Val d\u2019Aran situat a Boss\u00f2st, estan preparat per rebre\u2019ls novament. Les marmotes i la nostra parella d\u2019\u00f3ssos, Ben i Luna, ja es troben desperts fa una setmana. Aquest any la fam\u00edlia ha augmentat amb l&#8217;arribada d\u2019<strong>una nova manada de llops grisos<\/strong>.<\/p>\n<p>&nbsp;<\/p>\n<p>El parc obrir\u00e0 tots els dies de 09h30 a 18h00 (\u00faltima entrada pels 16h30), amb ampliaci\u00f3 d\u2019horari durant els mesos de juliol i agost, obrint de 09h30 a 19h00 (\u00faltima entrada a les 17h45).<\/p>\n<p>&nbsp;<\/p>\n<p>Us esperem!!<\/p>\n<p>&nbsp;<\/p>\n<p>M\u00e9s Informaci\u00f3: <a href=\"http:\/\/www.aran-park.es\/\" target=\"_blank\">http:\/\/www.aran-park.es\/<\/a><\/p>\n<p>&nbsp;<\/p>\n<p>&nbsp;<\/p>\n<p>&nbsp;<\/p>\n<p>&nbsp;<\/p>\n<p>Vielha, 30 de mar\u00e7 de 2017<\/p>\n<p>&nbsp;<\/p>\n<p><em>Conselh Generau d&#8217;Aran: N\u00faria Sanjuan<\/em><\/p>\n<p><em>Font i foto: Aran Park<\/em><\/p>\n<p>&nbsp;<\/p>\n<p>&nbsp;<\/p>\n ","protected":false},"excerpt":{"rendered":"<p>Despr\u00e9s del descans d\u2019aquests mesos, els animals d\u2019Aran Park, el parc de Fauna de la Val d\u2019Aran situat a Boss\u00f2st, estan preparat per rebre\u2019ls novament. Les marmotes i la nostra parella d\u2019\u00f3ssos, Ben i Luna, ja es troben desperts fa una setmana. Aquest any la fam\u00edlia ha augmentat amb l&#8217;arribada d\u2019una nova manada de llops&#8230;<\/p>\n","protected":false},"author":2,"featured_media":16680,"comment_status":"closed","ping_status":"closed","sticky":false,"template":"","format":"standard","meta":{"footnotes":""},"categories":[127,33,36],"tags":[],"_links":{"self":[{"href":"https:\/\/www.conselharan.org\/ca\/wp-json\/wp\/v2\/posts\/16682"}],"collection":[{"href":"https:\/\/www.conselharan.org\/ca\/wp-json\/wp\/v2\/posts"}],"about":[{"href":"https:\/\/www.conselharan.org\/ca\/wp-json\/wp\/v2\/types\/post"}],"author":[{"embeddable":true,"href":"https:\/\/www.conselharan.org\/ca\/wp-json\/wp\/v2\/users\/2"}],"replies":[{"embeddable":true,"href":"https:\/\/www.conselharan.org\/ca\/wp-json\/wp\/v2\/comments?post=16682"}],"version-history":[{"count":1,"href":"https:\/\/www.conselharan.org\/ca\/wp-json\/wp\/v2\/posts\/16682\/revisions"}],"predecessor-version":[{"id":16683,"href":"https:\/\/www.conselharan.org\/ca\/wp-json\/wp\/v2\/posts\/16682\/revisions\/16683"}],"wp:featuredmedia":[{"embeddable":true,"href":"https:\/\/www.conselharan.org\/ca\/wp-json\/wp\/v2\/media\/16680"}],"wp:attachment":[{"href":"https:\/\/www.conselharan.org\/ca\/wp-json\/wp\/v2\/media?parent=16682"}],"wp:term":[{"taxonomy":"category","embeddable":true,"href":"https:\/\/www.conselharan.org\/ca\/wp-json\/wp\/v2\/categories?post=16682"},{"taxonomy":"post_tag","embeddable":true,"href":"https:\/\/www.conselharan.org\/ca\/wp-json\/wp\/v2\/tags?post=16682"}],"curies":[{"name":"wp","href":"https:\/\/api.w.org\/{rel}","templated":true}]}}