{"id":16728,"date":"2017-03-31T15:31:53","date_gmt":"2017-03-31T13:31:53","guid":{"rendered":"http:\/\/www.conselharan.org\/ca\/?p=16728"},"modified":"2017-03-31T15:31:53","modified_gmt":"2017-03-31T13:31:53","slug":"el-conselh-generau-daran-recupera-el-camin-reiau-a-vilamos-i-es-bordes","status":"publish","type":"post","link":"https:\/\/www.conselharan.org\/ca\/el-conselh-generau-daran-recupera-el-camin-reiau-a-vilamos-i-es-bordes\/","title":{"rendered":"El Conselh Generau d\u2019Aran recupera el Camin Reiau a Vilam\u00f2s i Es Bordes"},"content":{"rendered":"<p>Vielha, 31 de mar\u00e7 de 2017.- El <strong>Conselh Generau d\u2019Aran<\/strong> per mitj\u00e0 de l\u2019empresa<strong> Barba S.L., <\/strong>ha realitzat un seguit d\u2019actuacions amb l\u2019objectiu de recuperar el tram del Camin Reiau en els termes municipals de Vilam\u00f2s i Es B\u00f2rdes malm\u00e8s per les riuades de l\u2019any 2013.<\/p>\n<p><a href=\"http:\/\/www.conselharan.org\/wp-content\/uploads\/2017\/03\/IMG_6266.jpg\"><img loading=\"lazy\" decoding=\"async\" class=\"aligncenter size-large wp-image-16722\" src=\"http:\/\/www.conselharan.org\/wp-content\/uploads\/2017\/03\/IMG_6266-1024x768.jpg\" alt=\"IMG_6266\" width=\"1024\" height=\"768\" srcset=\"https:\/\/www.conselharan.org\/wp-content\/uploads\/2017\/03\/IMG_6266.jpg 1024w, https:\/\/www.conselharan.org\/wp-content\/uploads\/2017\/03\/IMG_6266-300x225.jpg 300w, https:\/\/www.conselharan.org\/wp-content\/uploads\/2017\/03\/IMG_6266-768x576.jpg 768w\" sizes=\"(max-width: 1024px) 100vw, 1024px\" \/><\/a><\/p>\n<p>El Conselh Generau d\u2019Aran ha destinat en aquest projecte <strong>385.000 \u20ac,<\/strong> provinents de les subvencions finan\u00e7ades al 50%\u00a0 pel Govern de la <strong>Generalitat de Catalunya<\/strong> i l\u2019empresa <strong>Endesa<\/strong> per a la restituci\u00f3 dels desperfectes que van provocar les riuades a la Val d\u2019Aran.<\/p>\n<p>L\u2019actuaci\u00f3 ha consistit a la seguritzaci\u00f3 de l\u2019escullera de Es B\u00f2rdes, adem\u00e9s de les obres de reparaci\u00f3 i protecci\u00f3 del marge esquerre del riu Garona i per refer el tram de Camin Reiau en els termes de Vilam\u00f2s i Es B\u00f2rdes. En total s\u2019han remogut m\u00e9s de 27.000 metres c\u00fabics de pedra.<\/p>\n<p><a href=\"http:\/\/www.conselharan.org\/wp-content\/uploads\/2017\/03\/IMG_6271.jpg\"><img loading=\"lazy\" decoding=\"async\" class=\"aligncenter size-large wp-image-16723\" src=\"http:\/\/www.conselharan.org\/wp-content\/uploads\/2017\/03\/IMG_6271-1024x768.jpg\" alt=\"IMG_6271\" width=\"1024\" height=\"768\" srcset=\"https:\/\/www.conselharan.org\/wp-content\/uploads\/2017\/03\/IMG_6271.jpg 1024w, https:\/\/www.conselharan.org\/wp-content\/uploads\/2017\/03\/IMG_6271-300x225.jpg 300w, https:\/\/www.conselharan.org\/wp-content\/uploads\/2017\/03\/IMG_6271-768x576.jpg 768w\" sizes=\"(max-width: 1024px) 100vw, 1024px\" \/><\/a><\/p>\n<p>&nbsp;<\/p>\n<p>&nbsp;<\/p>\n ","protected":false},"excerpt":{"rendered":"<p>Vielha, 31 de mar\u00e7 de 2017.- El Conselh Generau d\u2019Aran per mitj\u00e0 de l\u2019empresa Barba S.L., ha realitzat un seguit d\u2019actuacions amb l\u2019objectiu de recuperar el tram del Camin Reiau en els termes municipals de Vilam\u00f2s i Es B\u00f2rdes malm\u00e8s per les riuades de l\u2019any 2013. El Conselh Generau d\u2019Aran ha destinat en aquest projecte&#8230;<\/p>\n","protected":false},"author":2,"featured_media":16722,"comment_status":"closed","ping_status":"closed","sticky":false,"template":"","format":"standard","meta":{"footnotes":""},"categories":[53],"tags":[],"_links":{"self":[{"href":"https:\/\/www.conselharan.org\/ca\/wp-json\/wp\/v2\/posts\/16728"}],"collection":[{"href":"https:\/\/www.conselharan.org\/ca\/wp-json\/wp\/v2\/posts"}],"about":[{"href":"https:\/\/www.conselharan.org\/ca\/wp-json\/wp\/v2\/types\/post"}],"author":[{"embeddable":true,"href":"https:\/\/www.conselharan.org\/ca\/wp-json\/wp\/v2\/users\/2"}],"replies":[{"embeddable":true,"href":"https:\/\/www.conselharan.org\/ca\/wp-json\/wp\/v2\/comments?post=16728"}],"version-history":[{"count":1,"href":"https:\/\/www.conselharan.org\/ca\/wp-json\/wp\/v2\/posts\/16728\/revisions"}],"predecessor-version":[{"id":16729,"href":"https:\/\/www.conselharan.org\/ca\/wp-json\/wp\/v2\/posts\/16728\/revisions\/16729"}],"wp:featuredmedia":[{"embeddable":true,"href":"https:\/\/www.conselharan.org\/ca\/wp-json\/wp\/v2\/media\/16722"}],"wp:attachment":[{"href":"https:\/\/www.conselharan.org\/ca\/wp-json\/wp\/v2\/media?parent=16728"}],"wp:term":[{"taxonomy":"category","embeddable":true,"href":"https:\/\/www.conselharan.org\/ca\/wp-json\/wp\/v2\/categories?post=16728"},{"taxonomy":"post_tag","embeddable":true,"href":"https:\/\/www.conselharan.org\/ca\/wp-json\/wp\/v2\/tags?post=16728"}],"curies":[{"name":"wp","href":"https:\/\/api.w.org\/{rel}","templated":true}]}}