{"id":16736,"date":"2017-03-31T16:00:46","date_gmt":"2017-03-31T14:00:46","guid":{"rendered":"http:\/\/www.conselharan.org\/ca\/?p=16736"},"modified":"2017-03-31T16:15:24","modified_gmt":"2017-03-31T14:15:24","slug":"sobre-la-temporada-de-pesca-a-la-val-daran-4","status":"publish","type":"post","link":"https:\/\/www.conselharan.org\/ca\/sobre-la-temporada-de-pesca-a-la-val-daran-4\/","title":{"rendered":"S\u2019obre la temporada de pesca a la Val d\u2019Aran"},"content":{"rendered":"<p><strong>\u2022 El per\u00edode h\u00e0bil general de pesca comen\u00e7a el dia 1 d&#8217;abril de 2017 i finalitza el 31 d&#8217;agost de 2017, ambd\u00f3s inclosos.<\/strong><\/p>\n<p>&nbsp;<\/p>\n<p><img loading=\"lazy\" decoding=\"async\" class=\"aligncenter size-large wp-image-16732\" src=\"http:\/\/www.conselharan.org\/wp-content\/uploads\/2017\/03\/societat-de-ca\u00e7a-e-pesca-VdA1-1024x768.jpg\" alt=\"societat de ca\u00e7a e pesca VdA1\" width=\"1024\" height=\"768\" srcset=\"https:\/\/www.conselharan.org\/wp-content\/uploads\/2017\/03\/societat-de-ca\u00e7a-e-pesca-VdA1-1024x768.jpg 1024w, https:\/\/www.conselharan.org\/wp-content\/uploads\/2017\/03\/societat-de-ca\u00e7a-e-pesca-VdA1-300x225.jpg 300w, https:\/\/www.conselharan.org\/wp-content\/uploads\/2017\/03\/societat-de-ca\u00e7a-e-pesca-VdA1-768x576.jpg 768w, https:\/\/www.conselharan.org\/wp-content\/uploads\/2017\/03\/societat-de-ca\u00e7a-e-pesca-VdA1.jpg 1600w\" sizes=\"(max-width: 1024px) 100vw, 1024px\" \/><\/p>\n<p><em>\u00a0 \u00a0 \u00a0 \u00a0 \u00a0 \u00a0 \u00a0 \u00a0 \u00a0 \u00a0 \u00a0 \u00a0 \u00a0 \u00a0 \u00a0 \u00a0 Foto d&#8217;arxiu: Societat de Ca\u00e7a e Pesca dera Val d&#8217;Aran<\/em><\/p>\n<p>&nbsp;<\/p>\n<p>El Conselh de Gov\u00e8rn del Conselh Generau d\u2019Aran, en sessi\u00f3 ordin\u00e0ria de 20 de mar\u00e7 de 2017, va aprovar el Pla Espec\u00edfic de Pesca de la Val d\u2019Aran, temporada 2017, en els termes que a continuaci\u00f3 s&#8217;especifiquen:<\/p>\n<p><strong>1) Per\u00edodes h\u00e0bils<\/strong>. El per\u00edode h\u00e0bil general de pesca comen\u00e7a el dia 1 d&#8217;abril de 2017 i finalitza el 31 d&#8217;agost de 2017, ambd\u00f3s inclosos, amb les excepcions que se citen a continuaci\u00f3:<\/p>\n<p>&#8211; Als llacs d&#8217;alta muntanya: comen\u00e7a el 28 de maig de 2017 (sempre i quan el llac estigui majorit\u00e0riament desgelat) i finalitza el dia 30 de setembre de 2017.<\/p>\n<p>&#8211; A la zona de pesca controlada de l&#8217;embassament d&#8217;Aiguam\u00f2g: comen\u00e7a l&#8217;1 de maig de 2017 (sempre i quan l&#8217;embassament estigui majorit\u00e0riament desgelat) i finalitza el dia 30 de setembre de 2017.<\/p>\n<p>-Als rius d&#8217;alta muntanya (Riu Malo, Ruda, Aiguam\u00f2g, Valarties, Noguera Ribagor\u00e7ana i Noguera Pallaresa): comen\u00e7a l&#8217;1 de maig de 2017 i finalitza el 31 d&#8217;agost de 2017.<\/p>\n<p>&#8211; Als trams sense mort: comen\u00e7a l&#8217;1 d&#8217;abril de 2017 i finalitza el 30 de setembre de 2017.<\/p>\n<p><strong>2) Trams vedats o refugis de pesca.<\/strong><\/p>\n<p>&#8211; Nom\u00e9s es podr\u00e0 dur a terme l&#8217;activitat de la pesca als trams de rius habilitats a l&#8217;efecte i publicats als mapes editats pel Conselh Generau d&#8217;Aran, que consten a la relaci\u00f3 annexa a aquesta ordre de vedes. La resta de trams son considerats vedats de pesca.<\/p>\n<p>&#8211; A causa de l&#8217;excepcionalitat de la riuada del 18 de juny de 2013, i at\u00e8s que les densitats de truita despr\u00e9s de la riuada no s\u00f3n suficients per a permetre l&#8217;activitat pisc\u00edcola, s&#8217;ha vedat el tram del riu Garona al municipi de Naut Aran.<\/p>\n<p>&#8211; A les zones de pesca de llacs i basses d&#8217;alta muntanya, en els trams d&#8217;aig\u00fces corrents existents entre diferents llacs, no \u00e9s permesa la pesca i es consideren, per tant, vedats de pesca.<\/p>\n<p><strong>3) Hams i esquers.<\/strong><\/p>\n<p>&#8211; Es prohibeix expressament la pesca amb qualsevol esp\u00e8cie de peix natural viu o mort.<\/p>\n<p>a<em>) Pesca sense mort<\/em>: Els esquers permesos s\u00f3n:<\/p>\n<p>&#8211; Esquers artificials: cullereta i cua de rata, amb nom\u00e9s un ham i sense arponet (o arponet esclafat)<\/p>\n<p><em>b) Altres Trams:<\/em><\/p>\n<p>&#8211; Esquers artificials: culleretes, nimfes, mosques, peixos o animals imitats o simulats i qualsevol altre de similar naturalesa, arponet perm\u00e8s.<\/p>\n<p>&#8211; Esquers naturals: cuc de terra (an\u00e8l\u2022lids), cuc de mel o t\u00e8nia (Galleria mellaeonnella), cucs de funda, cuques de riera, dragues o perles (efemer\u00f2pters, tric\u00f2pters, plec\u00f2pters, ort\u00f2pters), saltamart\u00ed i mosques adultes, amb un sol ham i arponet perm\u00e8s. Els hams permesos seran els compresos entre les mides n\u00fam. 1 (u), i 10 (deu), ambd\u00f3s inclosos.<\/p>\n<p><strong>4) Mida m\u00ednima autoritzada.<\/strong> Amb la finalitat de preservar les fraccions d&#8217;edat reproductores dels cursos fluvials, no s&#8217;estableix talla m\u00ednima de captura. Les talles m\u00e0ximes (mesura a partir de la qual cal retornar el peix al riu) s\u00f3n:<\/p>\n<p>&#8211; Riu Garona: trenta cent\u00edmetres (30 cm).<\/p>\n<p>&#8211; Afluents laterals i rius de muntanya (incl\u00f2s l&#8217;embassament d&#8217;Aiguam\u00f2g): vint-i-dos cent\u00edmetres (22 cm).<\/p>\n<p>&#8211; Llacs i embassaments: sense talla.<\/p>\n<p><strong>5) Nombre m\u00e0xim de captures autoritzades<\/strong>. El nombre m\u00e0xim de captures autoritzades per pescador i dia \u00e9s proporcional a la densitat de truita actual respecte a la densitat hist\u00f2rica, \u00e9s a dir:<\/p>\n<p>&#8211; Riu Garona: quatre (4) captures\/pescador i dia<\/p>\n<p>&#8211; Afluents laterals i rius de muntanya (incl\u00f2s l&#8217;embassament d&#8217;Aiguam\u00f2g): cinc (5) captures\/pescador i dia<\/p>\n<p>&#8211; Llacs i embassaments: dotze (12) captures\/pescador i dia<\/p>\n<p><strong>6) Captura d&#8217;esp\u00e8cies al\u2022l\u00f2ctones<\/strong>. Es permet la captura sense l\u00edmit de talles ni quota de captura de la truita irisada (Oncorhynchus mykiss) i del salvel\u2022l\u00ed (Salvelinus fontinalis). En virtut de la disposici\u00f3 transit\u00f2ria segona del Reial decret 630\/2013, de 2 d&#8217;agost, pel que es regula el Cat\u00e0leg espanyol d&#8217;esp\u00e8cies ex\u00f2tiques invasores catalogades, les esp\u00e8cies catalogades introdu\u00efdes al medi natural amb anterioritat a l&#8217;entrada en vigor de la Llei 42\/2007, del 13 de desembre, poden ser objecte d&#8217;aprofitament pisc\u00edcola, amb l&#8217;objectiu de controlar i eradicar les seves poblacions. En el sup\u00f2sit que una zona de pesca controlada o una zona lliure sense mort inclogui un d&#8217;aquests trams, l&#8217;aprofitament pesquer s&#8217;aplicar\u00e0 a tota la zona.<\/p>\n<p>7) Tot all\u00f2 que no contempli aquest Pla espec\u00edfic de pesca quedar\u00e0 regulat per Resoluci\u00f3 ARP\/399\/2017, de 14 de febrer, per la qual s&#8217;ordena la pesca a les aig\u00fces continentals de Catalunya durant la temporada 2017 [DOGC n\u00fam. 7324 de 08.03.2017] i per la Llei 22\/2009, del 23 de desembre, d&#8217;ordenaci\u00f3 sostenible de la pesca en aig\u00fces continentals.<\/p>\n<p>&nbsp;<\/p>\n<p>&nbsp;<\/p>\n<p>&nbsp;<\/p>\n<p>&nbsp;<\/p>\n<p>Vielha, 31 de mar\u00e7 de 2017<\/p>\n<p>&nbsp;<\/p>\n<p><em>Conselh Generau d&#8217;Aran: N\u00faria Sanjuan<\/em><\/p>\n ","protected":false},"excerpt":{"rendered":"<p>\u2022 El per\u00edode h\u00e0bil general de pesca comen\u00e7a el dia 1 d&#8217;abril de 2017 i finalitza el 31 d&#8217;agost de 2017, ambd\u00f3s inclosos. &nbsp; \u00a0 \u00a0 \u00a0 \u00a0 \u00a0 \u00a0 \u00a0 \u00a0 \u00a0 \u00a0 \u00a0 \u00a0 \u00a0 \u00a0 \u00a0 \u00a0 Foto d&#8217;arxiu: Societat de Ca\u00e7a e Pesca dera Val d&#8217;Aran &nbsp; El Conselh de Gov\u00e8rn&#8230;<\/p>\n","protected":false},"author":2,"featured_media":16732,"comment_status":"closed","ping_status":"closed","sticky":false,"template":"","format":"standard","meta":{"footnotes":""},"categories":[53,127],"tags":[],"_links":{"self":[{"href":"https:\/\/www.conselharan.org\/ca\/wp-json\/wp\/v2\/posts\/16736"}],"collection":[{"href":"https:\/\/www.conselharan.org\/ca\/wp-json\/wp\/v2\/posts"}],"about":[{"href":"https:\/\/www.conselharan.org\/ca\/wp-json\/wp\/v2\/types\/post"}],"author":[{"embeddable":true,"href":"https:\/\/www.conselharan.org\/ca\/wp-json\/wp\/v2\/users\/2"}],"replies":[{"embeddable":true,"href":"https:\/\/www.conselharan.org\/ca\/wp-json\/wp\/v2\/comments?post=16736"}],"version-history":[{"count":3,"href":"https:\/\/www.conselharan.org\/ca\/wp-json\/wp\/v2\/posts\/16736\/revisions"}],"predecessor-version":[{"id":16740,"href":"https:\/\/www.conselharan.org\/ca\/wp-json\/wp\/v2\/posts\/16736\/revisions\/16740"}],"wp:featuredmedia":[{"embeddable":true,"href":"https:\/\/www.conselharan.org\/ca\/wp-json\/wp\/v2\/media\/16732"}],"wp:attachment":[{"href":"https:\/\/www.conselharan.org\/ca\/wp-json\/wp\/v2\/media?parent=16736"}],"wp:term":[{"taxonomy":"category","embeddable":true,"href":"https:\/\/www.conselharan.org\/ca\/wp-json\/wp\/v2\/categories?post=16736"},{"taxonomy":"post_tag","embeddable":true,"href":"https:\/\/www.conselharan.org\/ca\/wp-json\/wp\/v2\/tags?post=16736"}],"curies":[{"name":"wp","href":"https:\/\/api.w.org\/{rel}","templated":true}]}}