{"id":16755,"date":"2017-04-03T10:14:19","date_gmt":"2017-04-03T08:14:19","guid":{"rendered":"http:\/\/www.conselharan.org\/ca\/?p=16755"},"modified":"2017-04-03T10:14:41","modified_gmt":"2017-04-03T08:14:41","slug":"fantastics-resultats-del-club-karate-aran-en-el-37e-campionat-nacional-de-karate-kyokushin-kwf","status":"publish","type":"post","link":"https:\/\/www.conselharan.org\/ca\/fantastics-resultats-del-club-karate-aran-en-el-37e-campionat-nacional-de-karate-kyokushin-kwf\/","title":{"rendered":"Fant\u00e0stics resultats del club Karate Aran en el 37\u00e8 Campionat Nacional de Karate Kyokushin KWF"},"content":{"rendered":"<p><img loading=\"lazy\" decoding=\"async\" class=\"aligncenter size-full wp-image-16751\" src=\"http:\/\/www.conselharan.org\/wp-content\/uploads\/2017\/04\/karate-aran.jpg\" alt=\"karate aran\" width=\"960\" height=\"720\" srcset=\"https:\/\/www.conselharan.org\/wp-content\/uploads\/2017\/04\/karate-aran.jpg 960w, https:\/\/www.conselharan.org\/wp-content\/uploads\/2017\/04\/karate-aran-300x225.jpg 300w, https:\/\/www.conselharan.org\/wp-content\/uploads\/2017\/04\/karate-aran-768x576.jpg 768w\" sizes=\"(max-width: 960px) 100vw, 960px\" \/><\/p>\n<p>&nbsp;<\/p>\n<p>El<strong> club Karate Aran<\/strong> va participar dissabte passat, 1 d&#8217;abril, en el 37\u00e8 Campionat Nacional de Karate Kyokushin KWF, a la ciutat Bilbao.<\/p>\n<p>Els alumnes, <strong>Beltr\u00e1n Bascones <\/strong>i<strong> Denis Dumitrascu<\/strong>, van aconseguir classificar-se en el 2n i 3r lloc en les categories de kumite de 12-13 anys -40 kg i + 60 kg.<\/p>\n<p>&nbsp;<\/p>\n<p><img loading=\"lazy\" decoding=\"async\" class=\"aligncenter size-full wp-image-16752\" src=\"http:\/\/www.conselharan.org\/wp-content\/uploads\/2017\/04\/karate-aran-victor-puente.jpg\" alt=\"karate aran- victor puente\" width=\"756\" height=\"549\" srcset=\"https:\/\/www.conselharan.org\/wp-content\/uploads\/2017\/04\/karate-aran-victor-puente.jpg 756w, https:\/\/www.conselharan.org\/wp-content\/uploads\/2017\/04\/karate-aran-victor-puente-300x218.jpg 300w\" sizes=\"(max-width: 756px) 100vw, 756px\" \/><\/p>\n<p>&nbsp;<\/p>\n<p>La resta dels competidors, <strong>V\u00edctor Puente, Marc Cornejo <\/strong>i<strong> Razvan Simi\u00f3n<\/strong> van aconseguir dos 5\u00e8 llocs i 6\u00e8 lloc en la categoria 10-11 anys, -35kg i + 45 kg.<\/p>\n<p>&nbsp;<\/p>\n<p><img loading=\"lazy\" decoding=\"async\" class=\"aligncenter size-full wp-image-16753\" src=\"http:\/\/www.conselharan.org\/wp-content\/uploads\/2017\/04\/karate-aran-marc-cornejo.jpg\" alt=\"karate aran-marc cornejo\" width=\"742\" height=\"590\" srcset=\"https:\/\/www.conselharan.org\/wp-content\/uploads\/2017\/04\/karate-aran-marc-cornejo.jpg 742w, https:\/\/www.conselharan.org\/wp-content\/uploads\/2017\/04\/karate-aran-marc-cornejo-300x239.jpg 300w\" sizes=\"(max-width: 742px) 100vw, 742px\" \/><\/p>\n<p>&nbsp;<\/p>\n<p>El Shihan i professor de l&#8217;Escola de Karate del Palai de G\u00e8u de Vielha, <strong>\u00c1ngel Mateo<\/strong>, va agrair al Sempai, Oscar Sol\u00e9, el seu suport t\u00e8cnic en el campionat com a \u00e0rbitre oficial del mateix i el reconeixement per l&#8217;ajuda prestada pel Conselh Generau d\u2019Aran a aquest projecte.<\/p>\n<p>&nbsp;<\/p>\n<p>&nbsp;<\/p>\n<p>&nbsp;<\/p>\n<p>Vielha, 3 d\u2019abril de 2017<\/p>\n<p>&nbsp;<\/p>\n<p><em>Conselh Generau d&#8217;Aran: N\u00faria Sanjuan<\/em><\/p>\n<p><em>Font i fotos: Club Karate Aran<\/em><\/p>\n ","protected":false},"excerpt":{"rendered":"<p>&nbsp; El club Karate Aran va participar dissabte passat, 1 d&#8217;abril, en el 37\u00e8 Campionat Nacional de Karate Kyokushin KWF, a la ciutat Bilbao. Els alumnes, Beltr\u00e1n Bascones i Denis Dumitrascu, van aconseguir classificar-se en el 2n i 3r lloc en les categories de kumite de 12-13 anys -40 kg i + 60 kg. &nbsp;&#8230;<\/p>\n","protected":false},"author":2,"featured_media":16751,"comment_status":"closed","ping_status":"closed","sticky":false,"template":"","format":"standard","meta":{"footnotes":""},"categories":[136],"tags":[],"_links":{"self":[{"href":"https:\/\/www.conselharan.org\/ca\/wp-json\/wp\/v2\/posts\/16755"}],"collection":[{"href":"https:\/\/www.conselharan.org\/ca\/wp-json\/wp\/v2\/posts"}],"about":[{"href":"https:\/\/www.conselharan.org\/ca\/wp-json\/wp\/v2\/types\/post"}],"author":[{"embeddable":true,"href":"https:\/\/www.conselharan.org\/ca\/wp-json\/wp\/v2\/users\/2"}],"replies":[{"embeddable":true,"href":"https:\/\/www.conselharan.org\/ca\/wp-json\/wp\/v2\/comments?post=16755"}],"version-history":[{"count":1,"href":"https:\/\/www.conselharan.org\/ca\/wp-json\/wp\/v2\/posts\/16755\/revisions"}],"predecessor-version":[{"id":16756,"href":"https:\/\/www.conselharan.org\/ca\/wp-json\/wp\/v2\/posts\/16755\/revisions\/16756"}],"wp:featuredmedia":[{"embeddable":true,"href":"https:\/\/www.conselharan.org\/ca\/wp-json\/wp\/v2\/media\/16751"}],"wp:attachment":[{"href":"https:\/\/www.conselharan.org\/ca\/wp-json\/wp\/v2\/media?parent=16755"}],"wp:term":[{"taxonomy":"category","embeddable":true,"href":"https:\/\/www.conselharan.org\/ca\/wp-json\/wp\/v2\/categories?post=16755"},{"taxonomy":"post_tag","embeddable":true,"href":"https:\/\/www.conselharan.org\/ca\/wp-json\/wp\/v2\/tags?post=16755"}],"curies":[{"name":"wp","href":"https:\/\/api.w.org\/{rel}","templated":true}]}}