{"id":16777,"date":"2017-04-05T14:36:33","date_gmt":"2017-04-05T12:36:33","guid":{"rendered":"http:\/\/www.conselharan.org\/ca\/?p=16777"},"modified":"2017-04-05T15:12:41","modified_gmt":"2017-04-05T13:12:41","slug":"bons-resultats-de-la-seccio-de-sonowboard-del-caei-en-el-trofeu-nacional-sbx-st-moritz","status":"publish","type":"post","link":"https:\/\/www.conselharan.org\/ca\/bons-resultats-de-la-seccio-de-sonowboard-del-caei-en-el-trofeu-nacional-sbx-st-moritz\/","title":{"rendered":"Bons resultats de la secci\u00f3 de Snowboard del CAEI en el \u201cTrofeu Nacional SBX St. Moritz\u201d"},"content":{"rendered":"<p><strong>\u2022 L&#8217;aran\u00e8s, Oriol Filella, va obtenir el subcampionat en la categoria U-15 Mascul\u00ed<\/strong><\/p>\n<p><strong>\u2022 En la categoria U-15 Femen\u00ed, les araneses, Sara Don\u00e9s, es va proclamar campiona de la categoria i Anna Le\u00f3n va v\u00e8ncer en la \u201cSmall Final\u201d<\/strong><\/p>\n<p><strong>\u2022 L\u2019aran\u00e8s, Guilhem Berini, va finalitzar en la 7ena posici\u00f3 en la categoria U-17 Mascul\u00ed<\/strong><\/p>\n<p>&nbsp;<\/p>\n<p><img loading=\"lazy\" decoding=\"async\" class=\"aligncenter size-large wp-image-16775\" src=\"http:\/\/www.conselharan.org\/wp-content\/uploads\/2017\/04\/P1170383-1024x860.jpg\" alt=\"P1170383\" width=\"1024\" height=\"860\" srcset=\"https:\/\/www.conselharan.org\/wp-content\/uploads\/2017\/04\/P1170383-1024x860.jpg 1024w, https:\/\/www.conselharan.org\/wp-content\/uploads\/2017\/04\/P1170383-300x252.jpg 300w, https:\/\/www.conselharan.org\/wp-content\/uploads\/2017\/04\/P1170383-768x645.jpg 768w\" sizes=\"(max-width: 1024px) 100vw, 1024px\" \/><\/p>\n<p>&nbsp;<\/p>\n<p>Diumenge passat, 2 d&#8217;abril, es va celebrar el Campionat Nacional Andorr\u00e0 de SBX en l&#8217;estaci\u00f3 d&#8217;esqu\u00ed d&#8217;Ordino-Arcal\u00eds.<\/p>\n<p>Va clarejar nevant, amb vent i falta de relleu per moments i temperatures de -3\u00baC en el circuit, generant aix\u00ed que els corredors haguessin d&#8217;aguditzar els seus sentits al m\u00e0xim de les seves possibilitats per treure el millor partit en les m\u00e0nigues de classificaci\u00f3.<\/p>\n<p>El circuit constru\u00eft espec\u00edficament per al desenvolupament del SBX, va suposar un esfor\u00e7 plus per part de les corredores i corredors per adaptar-se a un tra\u00e7at bastant exigent.<\/p>\n<p>El <strong>Club Aran\u00e9s d\u2019Esp\u00f2rts d\u2019Iu\u00e8rn (CAEI)<\/strong> va acudir a la cita amb ganes de mesurar-se en el SBX als millors corredors nacionals d&#8217;aquesta disciplina, que aquesta temporada va reunir a 86 inscrits.<\/p>\n<p>El club ECOA i la FAE organitzen cada any aquest esdeveniment exclusivament en la disciplina de boardercross des de la categoria U-10 fins a S\u00e8nior.<\/p>\n<p>Riders andorrans, francesos i estatals provinents de diferents parts de tot el Pirineu es reuneixen cada any en aquest circuit per mesurar les seves forces i posar en al\u00e7a la disciplina del boardercross que tants adeptes est\u00e0 agafant en les \u00faltimes temporades.<\/p>\n<p>El boardercross consistia en un circuit amb diferents corbes peraltades i dubies, a m\u00e9s de 3 kickers. En els salts els m\u00e9s petits van poder triar entre saltar o absorbir en tots ells, en canvi els m\u00e9s grans van gaudir saltant durant el recorregut del tra\u00e7at.<\/p>\n<p>En les finals vam poder gaudir de m\u00e9s moments de visibilitat i relleu provocant que els K.O.S anessin m\u00e9s din\u00e0mics i espectaculars.<\/p>\n<p>Finalment per tancar la prova es van fer sorteigs i regals en el lliurament de premis en el podi del xalet ECOA.<\/p>\n<p>&nbsp;<\/p>\n<p><span style=\"text-decoration: underline;\"><strong>La secci\u00f3 de snowboard s&#8217;adjudica 2 podis en la prova de SBX:<\/strong><\/span><\/p>\n<p>L&#8217;aran\u00e8s,<strong> Oriol Filella<\/strong>, va obtenir el subcampionat en la categoria U-15 Mascul\u00ed.<\/p>\n<p>I en la categoria U-15 Femen\u00ed, les araneses, <strong>Sara Don\u00e9s<\/strong>, es va proclamar campiona de la categoria i <strong>Anna Le\u00f3n<\/strong> va v\u00e8ncer en la \u201cSmall Final\u201d.<\/p>\n<p>Per la seva banda, el tamb\u00e9 aran\u00e8s, <strong>Guilhem Berini,<\/strong> va finalitzar en la 7ena posici\u00f3 en la categoria U-17 Mascul\u00ed.<\/p>\n<p>&nbsp;<\/p>\n<p>&nbsp;<\/p>\n<p>&nbsp;<\/p>\n<p>&nbsp;<\/p>\n<p>Vielha, 5 d\u2019abril de 2017<\/p>\n<p>&nbsp;<\/p>\n<p><em>Conselh Generau d&#8217;Aran: N\u00faria Sanjuan<\/em><\/p>\n<p><em>Font i foto: CAEI<\/em><\/p>\n ","protected":false},"excerpt":{"rendered":"<p>\u2022 L&#8217;aran\u00e8s, Oriol Filella, va obtenir el subcampionat en la categoria U-15 Mascul\u00ed \u2022 En la categoria U-15 Femen\u00ed, les araneses, Sara Don\u00e9s, es va proclamar campiona de la categoria i Anna Le\u00f3n va v\u00e8ncer en la \u201cSmall Final\u201d \u2022 L\u2019aran\u00e8s, Guilhem Berini, va finalitzar en la 7ena posici\u00f3 en la categoria U-17 Mascul\u00ed &nbsp;&#8230;<\/p>\n","protected":false},"author":2,"featured_media":16775,"comment_status":"closed","ping_status":"closed","sticky":false,"template":"","format":"standard","meta":{"footnotes":""},"categories":[136],"tags":[],"_links":{"self":[{"href":"https:\/\/www.conselharan.org\/ca\/wp-json\/wp\/v2\/posts\/16777"}],"collection":[{"href":"https:\/\/www.conselharan.org\/ca\/wp-json\/wp\/v2\/posts"}],"about":[{"href":"https:\/\/www.conselharan.org\/ca\/wp-json\/wp\/v2\/types\/post"}],"author":[{"embeddable":true,"href":"https:\/\/www.conselharan.org\/ca\/wp-json\/wp\/v2\/users\/2"}],"replies":[{"embeddable":true,"href":"https:\/\/www.conselharan.org\/ca\/wp-json\/wp\/v2\/comments?post=16777"}],"version-history":[{"count":2,"href":"https:\/\/www.conselharan.org\/ca\/wp-json\/wp\/v2\/posts\/16777\/revisions"}],"predecessor-version":[{"id":16790,"href":"https:\/\/www.conselharan.org\/ca\/wp-json\/wp\/v2\/posts\/16777\/revisions\/16790"}],"wp:featuredmedia":[{"embeddable":true,"href":"https:\/\/www.conselharan.org\/ca\/wp-json\/wp\/v2\/media\/16775"}],"wp:attachment":[{"href":"https:\/\/www.conselharan.org\/ca\/wp-json\/wp\/v2\/media?parent=16777"}],"wp:term":[{"taxonomy":"category","embeddable":true,"href":"https:\/\/www.conselharan.org\/ca\/wp-json\/wp\/v2\/categories?post=16777"},{"taxonomy":"post_tag","embeddable":true,"href":"https:\/\/www.conselharan.org\/ca\/wp-json\/wp\/v2\/tags?post=16777"}],"curies":[{"name":"wp","href":"https:\/\/api.w.org\/{rel}","templated":true}]}}