{"id":16787,"date":"2017-04-05T15:17:13","date_gmt":"2017-04-05T13:17:13","guid":{"rendered":"http:\/\/www.conselharan.org\/ca\/?p=16787"},"modified":"2017-04-05T15:17:35","modified_gmt":"2017-04-05T13:17:35","slug":"exposicio-sobre-les-esglesies-araneses-gleises-en-cornaenclinc-dera-val-daran","status":"publish","type":"post","link":"https:\/\/www.conselharan.org\/ca\/exposicio-sobre-les-esglesies-araneses-gleises-en-cornaenclinc-dera-val-daran\/","title":{"rendered":"Exposici\u00f3 sobre les esgl\u00e9sies araneses: &#8220;Gl\u00e8ises en cornaenclinc dera Val d&#8217;Aran\u201d"},"content":{"rendered":"<p><strong>\u2022 L&#8217;exposici\u00f3 recull el treball realitzat pels estudiants de l&#8217;Escola Superior d&#8217;Arquitectura de la Universitat Rovira i Virgili de Reus des del 2011 fins l\u2019actualitat<\/strong><\/p>\n<p>&nbsp;<\/p>\n<p><img loading=\"lazy\" decoding=\"async\" class=\"aligncenter size-full wp-image-16783\" src=\"http:\/\/www.conselharan.org\/wp-content\/uploads\/2017\/04\/IMG_20170329_191943.jpg\" alt=\"IMG_20170329_191943\" width=\"994\" height=\"745\" srcset=\"https:\/\/www.conselharan.org\/wp-content\/uploads\/2017\/04\/IMG_20170329_191943.jpg 994w, https:\/\/www.conselharan.org\/wp-content\/uploads\/2017\/04\/IMG_20170329_191943-300x225.jpg 300w, https:\/\/www.conselharan.org\/wp-content\/uploads\/2017\/04\/IMG_20170329_191943-768x576.jpg 768w\" sizes=\"(max-width: 994px) 100vw, 994px\" \/><\/p>\n<p>&nbsp;<\/p>\n<p>El passat 29 de mar\u00e7, la Sala polivalent del Centre C\u00edvic &#8220;El Passeig&#8221; de la Seu d&#8217;Urgell va acollir la inauguraci\u00f3 de l&#8217;exposici\u00f3 sobre les esgl\u00e9sies araneses: <strong>&#8220;Esgl\u00e9sies en el cornaenclinc de la Val d\u2019 Aran&#8221;<\/strong>, treball realitzat pels estudiants de l&#8217;Escola Superior d&#8217;Arquitectura de la Universitat Rovira i Virgili de Reus des del 2011 fins l\u2019actualitat.<\/p>\n<p>El portar aquesta exposici\u00f3 a la Seu d\u2019Urgell ha estat a demana de la Delegaci\u00f3 del Col\u2022legi d&#8217;Arquitectes de Catalunya de l&#8217;Alt Pirineu i Aran aix\u00ed com de portar tota aquesta informaci\u00f3 a la seu de l\u2019Arquebisbat d&#8217;Urgell.<\/p>\n<p>&nbsp;<\/p>\n<p><img loading=\"lazy\" decoding=\"async\" class=\"aligncenter size-full wp-image-16784\" src=\"http:\/\/www.conselharan.org\/wp-content\/uploads\/2017\/04\/IMG_20170329_194550.jpg\" alt=\"IMG_20170329_194550\" width=\"994\" height=\"745\" srcset=\"https:\/\/www.conselharan.org\/wp-content\/uploads\/2017\/04\/IMG_20170329_194550.jpg 994w, https:\/\/www.conselharan.org\/wp-content\/uploads\/2017\/04\/IMG_20170329_194550-300x225.jpg 300w, https:\/\/www.conselharan.org\/wp-content\/uploads\/2017\/04\/IMG_20170329_194550-768x576.jpg 768w\" sizes=\"(max-width: 994px) 100vw, 994px\" \/><\/p>\n<p>&nbsp;<\/p>\n<p>Entre els presents a l&#8217;acte: <strong>Monsenyor Josep Maria Mauri<\/strong>, vicari general del Bisbat, <strong>Moss\u00e8n Pere Balagu\u00e9,<\/strong> arxiprest de la Val d\u2019Aran, <strong>Moss\u00e8n Jus\u00e8p Amiell<\/strong>, i J<strong>osep Llu\u00eds i Ginovart, Agust\u00ed Costa, Sergio Coll<\/strong>, de les Escoles Superiors d&#8217;Arquitectura de les Universitats Rovira i Virgili i Universitat Internacional de Catalunya, amb els m\u00e9s de 120 estudiants que ja han aportat els seus dibuixos, estudis i conclusions, sobre les construccions i patologies d&#8217;aquestes esgl\u00e9sies, la regidora de Cultura de l&#8217;Ajuntament de la Seu d&#8217;Urgell, <strong>Mireia Font<\/strong> i <strong>Ricard Lobo<\/strong>, delegat del Col\u2022legi d\u2019Arquitectes de Catalunya entre d&#8217;altres.<\/p>\n<p>&nbsp;<\/p>\n<p><img loading=\"lazy\" decoding=\"async\" class=\"aligncenter size-full wp-image-16785\" src=\"http:\/\/www.conselharan.org\/wp-content\/uploads\/2017\/04\/IMG_20170329_194821.jpg\" alt=\"IMG_20170329_194821\" width=\"994\" height=\"745\" srcset=\"https:\/\/www.conselharan.org\/wp-content\/uploads\/2017\/04\/IMG_20170329_194821.jpg 994w, https:\/\/www.conselharan.org\/wp-content\/uploads\/2017\/04\/IMG_20170329_194821-300x225.jpg 300w, https:\/\/www.conselharan.org\/wp-content\/uploads\/2017\/04\/IMG_20170329_194821-768x576.jpg 768w\" sizes=\"(max-width: 994px) 100vw, 994px\" \/><\/p>\n<p>&nbsp;<\/p>\n<p>Per part del Conselh Generau d\u2019Aran van assistir <strong>J\u00e8p de Montoya<\/strong> i <strong>Elisa Ros<\/strong> que van explicar tot el proc\u00e9s dut a terme pendent aquests sis anys des del Conselh Generau juntament amb el Bisbat i les Universitats i van deixar de manifest la intenci\u00f3 de la instituci\u00f3 de treballar creant l&#8217;expedient per tal que algun dia la Val d&#8217;Aran pugui demanar a la UNESCO la Declaraci\u00f3 de Patrimoni de la Humanitat.<\/p>\n<p>&nbsp;<\/p>\n<p>&nbsp;<\/p>\n<p>&nbsp;<\/p>\n<p>&nbsp;<\/p>\n<p>Vielha, 5 d\u2019abril de 2017<\/p>\n<p>&nbsp;<\/p>\n<p><em>Conselh Generau d&#8217;Aran: N\u00faria Sanjuan<\/em><\/p>\n ","protected":false},"excerpt":{"rendered":"<p>\u2022 L&#8217;exposici\u00f3 recull el treball realitzat pels estudiants de l&#8217;Escola Superior d&#8217;Arquitectura de la Universitat Rovira i Virgili de Reus des del 2011 fins l\u2019actualitat &nbsp; &nbsp; El passat 29 de mar\u00e7, la Sala polivalent del Centre C\u00edvic &#8220;El Passeig&#8221; de la Seu d&#8217;Urgell va acollir la inauguraci\u00f3 de l&#8217;exposici\u00f3 sobre les esgl\u00e9sies araneses: &#8220;Esgl\u00e9sies&#8230;<\/p>\n","protected":false},"author":2,"featured_media":16784,"comment_status":"closed","ping_status":"closed","sticky":false,"template":"","format":"standard","meta":{"footnotes":""},"categories":[53],"tags":[],"_links":{"self":[{"href":"https:\/\/www.conselharan.org\/ca\/wp-json\/wp\/v2\/posts\/16787"}],"collection":[{"href":"https:\/\/www.conselharan.org\/ca\/wp-json\/wp\/v2\/posts"}],"about":[{"href":"https:\/\/www.conselharan.org\/ca\/wp-json\/wp\/v2\/types\/post"}],"author":[{"embeddable":true,"href":"https:\/\/www.conselharan.org\/ca\/wp-json\/wp\/v2\/users\/2"}],"replies":[{"embeddable":true,"href":"https:\/\/www.conselharan.org\/ca\/wp-json\/wp\/v2\/comments?post=16787"}],"version-history":[{"count":1,"href":"https:\/\/www.conselharan.org\/ca\/wp-json\/wp\/v2\/posts\/16787\/revisions"}],"predecessor-version":[{"id":16791,"href":"https:\/\/www.conselharan.org\/ca\/wp-json\/wp\/v2\/posts\/16787\/revisions\/16791"}],"wp:featuredmedia":[{"embeddable":true,"href":"https:\/\/www.conselharan.org\/ca\/wp-json\/wp\/v2\/media\/16784"}],"wp:attachment":[{"href":"https:\/\/www.conselharan.org\/ca\/wp-json\/wp\/v2\/media?parent=16787"}],"wp:term":[{"taxonomy":"category","embeddable":true,"href":"https:\/\/www.conselharan.org\/ca\/wp-json\/wp\/v2\/categories?post=16787"},{"taxonomy":"post_tag","embeddable":true,"href":"https:\/\/www.conselharan.org\/ca\/wp-json\/wp\/v2\/tags?post=16787"}],"curies":[{"name":"wp","href":"https:\/\/api.w.org\/{rel}","templated":true}]}}