{"id":16838,"date":"2017-04-07T14:02:46","date_gmt":"2017-04-07T12:02:46","guid":{"rendered":"http:\/\/www.conselharan.org\/ca\/?p=16838"},"modified":"2017-04-07T14:07:15","modified_gmt":"2017-04-07T12:07:15","slug":"noves-imatges-de-los-pyros-al-municipi-de-vielha-e-mijaran","status":"publish","type":"post","link":"https:\/\/www.conselharan.org\/ca\/noves-imatges-de-los-pyros-al-municipi-de-vielha-e-mijaran\/","title":{"rendered":"Noves imatges de l\u2019\u00f3s Pyros al municipi de Vielha e Mijaran"},"content":{"rendered":"<ul>\n<li><strong>Imatges tamb\u00e9 d\u2019una \u00f3ssa amb dos cadells nascuts el 2016.<\/strong><\/li>\n<\/ul>\n<ul>\n<li><strong>Goiat, l&#8217;\u00f3s alliberat al Pallars en el marc del programa Piroslife el mes de juny del 2016 s\u2019ha localitzat en el municipi de Vielha i Mijaran.<\/strong><\/li>\n<\/ul>\n<p>&nbsp;<\/p>\n<p><img loading=\"lazy\" decoding=\"async\" class=\"aligncenter size-full wp-image-16834\" src=\"http:\/\/www.conselharan.org\/wp-content\/uploads\/2017\/04\/Diapositiva1.jpg\" alt=\"Diapositiva1\" width=\"852\" height=\"699\" srcset=\"https:\/\/www.conselharan.org\/wp-content\/uploads\/2017\/04\/Diapositiva1.jpg 852w, https:\/\/www.conselharan.org\/wp-content\/uploads\/2017\/04\/Diapositiva1-300x246.jpg 300w, https:\/\/www.conselharan.org\/wp-content\/uploads\/2017\/04\/Diapositiva1-768x630.jpg 768w\" sizes=\"(max-width: 852px) 100vw, 852px\" \/><\/p>\n<p>&nbsp;<\/p>\n<p>Els Agents de Medi Natural del Conselh Generau d\u2019Aran han recuperat al municipi de Vielha i Mijaran fotos del passat mes de mar\u00e7 fetes amb c\u00e0meres de foto trampeig de l&#8217;\u00f3s <strong>Pyros<\/strong> (28 anys). En les imatges es pot veure a un Pyros actiu despr\u00e9s d\u2019hibernar.<\/p>\n<p>&nbsp;<\/p>\n<p><img loading=\"lazy\" decoding=\"async\" class=\"aligncenter size-full wp-image-16835\" src=\"http:\/\/www.conselharan.org\/wp-content\/uploads\/2017\/04\/ossa-e-cad\u00e8ths.jpg\" alt=\"ossa e cad\u00e8ths\" width=\"957\" height=\"623\" srcset=\"https:\/\/www.conselharan.org\/wp-content\/uploads\/2017\/04\/ossa-e-cad\u00e8ths.jpg 957w, https:\/\/www.conselharan.org\/wp-content\/uploads\/2017\/04\/ossa-e-cad\u00e8ths-300x195.jpg 300w, https:\/\/www.conselharan.org\/wp-content\/uploads\/2017\/04\/ossa-e-cad\u00e8ths-768x500.jpg 768w\" sizes=\"(max-width: 957px) 100vw, 957px\" \/><\/p>\n<p>&nbsp;<\/p>\n<p>Tamb\u00e9 s\u2019han recuperat imatges d\u2019una \u00f3ssa, amb dos cadells nascuts el 2016 possiblement de <strong>Bambou<\/strong> (filla d&#8217;Hvala i un mascle eslov\u00e8).<\/p>\n<p>Per la seva part,<strong> Goiat<\/strong>, l&#8217;\u00f3s alliberat a Pallars en el marc del programa Piroslife el mes de juny del 2016 s\u2019ha localitzat tamb\u00e9 al municipi de Vielha i Mijaran.<\/p>\n<p>El mascle Goiat s\u2019ha localitzat perqu\u00e8 porta collar GPS.<\/p>\n<p>El seguiment i les imatges dels \u00f3ssos s\u2019han obtingut en el marc del projecte PirosLife.<\/p>\n<p>&nbsp;<\/p>\n<p>&nbsp;<\/p>\n<p>&nbsp;<\/p>\n<p>Vielha, 7 d\u2019abril de 2017<\/p>\n<p>&nbsp;<\/p>\n<p><em>Conselh Generau d&#8217;Aran: N\u00faria Sanjuan<\/em><\/p>\n ","protected":false},"excerpt":{"rendered":"<p>Imatges tamb\u00e9 d\u2019una \u00f3ssa amb dos cadells nascuts el 2016. Goiat, l&#8217;\u00f3s alliberat al Pallars en el marc del programa Piroslife el mes de juny del 2016 s\u2019ha localitzat en el municipi de Vielha i Mijaran. &nbsp; &nbsp; Els Agents de Medi Natural del Conselh Generau d\u2019Aran han recuperat al municipi de Vielha i Mijaran&#8230;<\/p>\n","protected":false},"author":2,"featured_media":16834,"comment_status":"closed","ping_status":"closed","sticky":false,"template":"","format":"standard","meta":{"footnotes":""},"categories":[128,127,36],"tags":[],"_links":{"self":[{"href":"https:\/\/www.conselharan.org\/ca\/wp-json\/wp\/v2\/posts\/16838"}],"collection":[{"href":"https:\/\/www.conselharan.org\/ca\/wp-json\/wp\/v2\/posts"}],"about":[{"href":"https:\/\/www.conselharan.org\/ca\/wp-json\/wp\/v2\/types\/post"}],"author":[{"embeddable":true,"href":"https:\/\/www.conselharan.org\/ca\/wp-json\/wp\/v2\/users\/2"}],"replies":[{"embeddable":true,"href":"https:\/\/www.conselharan.org\/ca\/wp-json\/wp\/v2\/comments?post=16838"}],"version-history":[{"count":1,"href":"https:\/\/www.conselharan.org\/ca\/wp-json\/wp\/v2\/posts\/16838\/revisions"}],"predecessor-version":[{"id":16839,"href":"https:\/\/www.conselharan.org\/ca\/wp-json\/wp\/v2\/posts\/16838\/revisions\/16839"}],"wp:featuredmedia":[{"embeddable":true,"href":"https:\/\/www.conselharan.org\/ca\/wp-json\/wp\/v2\/media\/16834"}],"wp:attachment":[{"href":"https:\/\/www.conselharan.org\/ca\/wp-json\/wp\/v2\/media?parent=16838"}],"wp:term":[{"taxonomy":"category","embeddable":true,"href":"https:\/\/www.conselharan.org\/ca\/wp-json\/wp\/v2\/categories?post=16838"},{"taxonomy":"post_tag","embeddable":true,"href":"https:\/\/www.conselharan.org\/ca\/wp-json\/wp\/v2\/tags?post=16838"}],"curies":[{"name":"wp","href":"https:\/\/api.w.org\/{rel}","templated":true}]}}