{"id":16876,"date":"2017-04-07T15:36:14","date_gmt":"2017-04-07T13:36:14","guid":{"rendered":"http:\/\/www.conselharan.org\/ca\/?p=16876"},"modified":"2017-04-07T15:41:16","modified_gmt":"2017-04-07T13:41:16","slug":"el-conselh-generau-daran-obre-diferents-pistes-forestals-per-ampliar-loferta-turistica","status":"publish","type":"post","link":"https:\/\/www.conselharan.org\/ca\/el-conselh-generau-daran-obre-diferents-pistes-forestals-per-ampliar-loferta-turistica\/","title":{"rendered":"El Conselh Generau d\u2019Aran obre diferents pistes forestals per ampliar l\u2019oferta tur\u00edstica"},"content":{"rendered":"<p><strong>\u2022 El Conselh Generau d\u2019Aran recupera el Cam\u00ed Reial a Vilam\u00f2s i Es B\u00f2rdes.<\/strong><\/p>\n<p>&nbsp;<\/p>\n<p><img loading=\"lazy\" decoding=\"async\" class=\"aligncenter size-full wp-image-16874\" src=\"http:\/\/www.conselharan.org\/wp-content\/uploads\/2017\/04\/GUIA-PAG-163-ES-UELHS-DETH-JO\u00c8U.jpg\" alt=\"GUIA PAG 163 ES UELHS DETH JO\u00c8U\" width=\"1022\" height=\"681\" srcset=\"https:\/\/www.conselharan.org\/wp-content\/uploads\/2017\/04\/GUIA-PAG-163-ES-UELHS-DETH-JO\u00c8U.jpg 1022w, https:\/\/www.conselharan.org\/wp-content\/uploads\/2017\/04\/GUIA-PAG-163-ES-UELHS-DETH-JO\u00c8U-300x200.jpg 300w, https:\/\/www.conselharan.org\/wp-content\/uploads\/2017\/04\/GUIA-PAG-163-ES-UELHS-DETH-JO\u00c8U-768x512.jpg 768w\" sizes=\"(max-width: 1022px) 100vw, 1022px\" \/><\/p>\n<p>&nbsp;<\/p>\n<p>El Conselh Generau d\u2019Aran, a trav\u00e9s de l\u2019empresa Serveis Ambientals de la Val d\u2019Aran (<strong>SAVA S.L<\/strong>.), obrir\u00e0 <strong>a partir de dem\u00e0 dissabte, 8 d\u2019abril<\/strong>, les pistes forestals d\u2019acc\u00e9s als paratges naturals m\u00e9s emblem\u00e0tics de la Val d\u2019Aran:<\/p>\n<p>&#8211; Pista de l&#8217;Artiga de Lin: oberta en la seva totalitat<br \/>\n&#8211; Pista a Varrad\u00f2s: nom\u00e9s \u00e9s oberta de Pont d&#8217;Arr\u00f2s fins al creuament de Sant Joan d&#8217;Arr\u00f2s amb Vila, a partir d&#8217;all\u00e0 fins al Saut deth Pish tancat.<\/p>\n<p>Durant la setmana que ve s\u2019espera poder obrir :<\/p>\n<p>&#8211; Aiguam\u00f2g fins als Banys de Tred\u00f2s<\/p>\n<p>Recordem que el Conselh Generau d\u2019Aran a trav\u00e9s de l&#8217;empresa Barba S.L., ha realitzat una s\u00e8rie accions amb l&#8217;objectiu de recuperar el tram del Cam\u00ed Reial en els termes municipals de Vilam\u00f2s i d&#8217;Es B\u00f2rdes afectada pels aiguats de l&#8217;any 2013.<\/p>\n<p>El Conselh Generau d\u2019Aran ha destinat a aquest projecte 385.000 \u20ac, provinents de les subvencions finan\u00e7ades a 50% pel Govern de la Generalitat de Catalunya i l&#8217;empresa Endesa per la restituci\u00f3 dels desperfectes que van provocar els aiguats a la Val d\u2019Aran.<\/p>\n<p>L&#8217;acci\u00f3 ha consistit en garantir la seguretat de l\u2019escullera d&#8217;Es B\u00f2rdes, a m\u00e9s de les obres de reparaci\u00f3 i protecci\u00f3 del marge esquerre del riu Garona i per refer el tram de Cam\u00ed Reial en els termes de Vilam\u00f2s i Es B\u00f2rdes. En total s&#8217;han transportat m\u00e9s 27.000m c\u00fabics de pedra.<\/p>\n<p>&nbsp;<\/p>\n<p>&nbsp;<\/p>\n<p>&nbsp;<\/p>\n<p>Vielha, 7 d\u2019abril de 2017<\/p>\n<p>&nbsp;<\/p>\n<p><em>Conselh Generau d&#8217;Aran: N\u00faria Sanjuan<\/em><\/p>\n ","protected":false},"excerpt":{"rendered":"<p>\u2022 El Conselh Generau d\u2019Aran recupera el Cam\u00ed Reial a Vilam\u00f2s i Es B\u00f2rdes. &nbsp; &nbsp; El Conselh Generau d\u2019Aran, a trav\u00e9s de l\u2019empresa Serveis Ambientals de la Val d\u2019Aran (SAVA S.L.), obrir\u00e0 a partir de dem\u00e0 dissabte, 8 d\u2019abril, les pistes forestals d\u2019acc\u00e9s als paratges naturals m\u00e9s emblem\u00e0tics de la Val d\u2019Aran: &#8211; Pista&#8230;<\/p>\n","protected":false},"author":2,"featured_media":16874,"comment_status":"closed","ping_status":"closed","sticky":false,"template":"","format":"standard","meta":{"footnotes":""},"categories":[33],"tags":[],"_links":{"self":[{"href":"https:\/\/www.conselharan.org\/ca\/wp-json\/wp\/v2\/posts\/16876"}],"collection":[{"href":"https:\/\/www.conselharan.org\/ca\/wp-json\/wp\/v2\/posts"}],"about":[{"href":"https:\/\/www.conselharan.org\/ca\/wp-json\/wp\/v2\/types\/post"}],"author":[{"embeddable":true,"href":"https:\/\/www.conselharan.org\/ca\/wp-json\/wp\/v2\/users\/2"}],"replies":[{"embeddable":true,"href":"https:\/\/www.conselharan.org\/ca\/wp-json\/wp\/v2\/comments?post=16876"}],"version-history":[{"count":1,"href":"https:\/\/www.conselharan.org\/ca\/wp-json\/wp\/v2\/posts\/16876\/revisions"}],"predecessor-version":[{"id":16877,"href":"https:\/\/www.conselharan.org\/ca\/wp-json\/wp\/v2\/posts\/16876\/revisions\/16877"}],"wp:featuredmedia":[{"embeddable":true,"href":"https:\/\/www.conselharan.org\/ca\/wp-json\/wp\/v2\/media\/16874"}],"wp:attachment":[{"href":"https:\/\/www.conselharan.org\/ca\/wp-json\/wp\/v2\/media?parent=16876"}],"wp:term":[{"taxonomy":"category","embeddable":true,"href":"https:\/\/www.conselharan.org\/ca\/wp-json\/wp\/v2\/categories?post=16876"},{"taxonomy":"post_tag","embeddable":true,"href":"https:\/\/www.conselharan.org\/ca\/wp-json\/wp\/v2\/tags?post=16876"}],"curies":[{"name":"wp","href":"https:\/\/api.w.org\/{rel}","templated":true}]}}