{"id":16913,"date":"2017-04-10T18:10:02","date_gmt":"2017-04-10T16:10:02","guid":{"rendered":"http:\/\/www.conselharan.org\/ca\/?p=16913"},"modified":"2017-04-10T18:10:02","modified_gmt":"2017-04-10T16:10:02","slug":"els-aranesos-carlos-dominguez-i-enric-jimenez-segon-i-tercer-classificat-en-els-campionats-despanya-absoluts-de-skicross-a-baqueira-beret","status":"publish","type":"post","link":"https:\/\/www.conselharan.org\/ca\/els-aranesos-carlos-dominguez-i-enric-jimenez-segon-i-tercer-classificat-en-els-campionats-despanya-absoluts-de-skicross-a-baqueira-beret\/","title":{"rendered":"Els aranesos Carlos Dominguez i Enric Jim\u00e9nez, segon i tercer classificat en els Campionats d&#8217;Espanya Absoluts de skicross a Baqueira Beret"},"content":{"rendered":"<p>Vielha, 10 d&#8217;abril de 2017.- En els Campionats d&#8217;Espanya Absoluts de skicross que s&#8217;han disputat aquest cap de setmana a l&#8217;estaci\u00f3 de Baqueira Beret el campi\u00f3 d&#8217;Espanya ha estat Federico Pastore (FMDI-Amistat) seguit dels aranesos <strong>Carlos Dom\u00ednguez<\/strong> segon classificat i el tercer al calaix ha estat <strong>Enric Jim\u00e9nez<\/strong> (ambd\u00f3s FCEH-CoposSC).<\/p>\n<p>Cal destacar la gran competici\u00f3 realitzada pels corredors aranesos que com va dir en la cerim\u00f2nia de lliurament de premis, el president de la RFEDI <strong>May Peus Espa<\/strong><strong>\u00f1a<\/strong> &#8220;ajuda a crear base per a aquest esport&#8221;.<\/p>\n<p><a href=\"http:\/\/www.conselharan.org\/wp-content\/uploads\/2017\/04\/IMG_7243-e1491763740344.jpg\"><img loading=\"lazy\" decoding=\"async\" class=\"aligncenter size-large wp-image-16911\" src=\"http:\/\/www.conselharan.org\/wp-content\/uploads\/2017\/04\/IMG_7243-e1491763740344-1024x584.jpg\" alt=\"IMG_7243-e1491763740344\" width=\"1024\" height=\"584\" srcset=\"https:\/\/www.conselharan.org\/wp-content\/uploads\/2017\/04\/IMG_7243-e1491763740344-1024x584.jpg 1024w, https:\/\/www.conselharan.org\/wp-content\/uploads\/2017\/04\/IMG_7243-e1491763740344-300x171.jpg 300w, https:\/\/www.conselharan.org\/wp-content\/uploads\/2017\/04\/IMG_7243-e1491763740344-768x438.jpg 768w, https:\/\/www.conselharan.org\/wp-content\/uploads\/2017\/04\/IMG_7243-e1491763740344-305x175.jpg 305w, https:\/\/www.conselharan.org\/wp-content\/uploads\/2017\/04\/IMG_7243-e1491763740344.jpg 1416w\" sizes=\"(max-width: 1024px) 100vw, 1024px\" \/><\/a><\/p>\n ","protected":false},"excerpt":{"rendered":"<p>Vielha, 10 d&#8217;abril de 2017.- En els Campionats d&#8217;Espanya Absoluts de skicross que s&#8217;han disputat aquest cap de setmana a l&#8217;estaci\u00f3 de Baqueira Beret el campi\u00f3 d&#8217;Espanya ha estat Federico Pastore (FMDI-Amistat) seguit dels aranesos Carlos Dom\u00ednguez segon classificat i el tercer al calaix ha estat Enric Jim\u00e9nez (ambd\u00f3s FCEH-CoposSC). Cal destacar la gran competici\u00f3&#8230;<\/p>\n","protected":false},"author":2,"featured_media":16911,"comment_status":"closed","ping_status":"closed","sticky":false,"template":"","format":"standard","meta":{"footnotes":""},"categories":[136],"tags":[],"_links":{"self":[{"href":"https:\/\/www.conselharan.org\/ca\/wp-json\/wp\/v2\/posts\/16913"}],"collection":[{"href":"https:\/\/www.conselharan.org\/ca\/wp-json\/wp\/v2\/posts"}],"about":[{"href":"https:\/\/www.conselharan.org\/ca\/wp-json\/wp\/v2\/types\/post"}],"author":[{"embeddable":true,"href":"https:\/\/www.conselharan.org\/ca\/wp-json\/wp\/v2\/users\/2"}],"replies":[{"embeddable":true,"href":"https:\/\/www.conselharan.org\/ca\/wp-json\/wp\/v2\/comments?post=16913"}],"version-history":[{"count":1,"href":"https:\/\/www.conselharan.org\/ca\/wp-json\/wp\/v2\/posts\/16913\/revisions"}],"predecessor-version":[{"id":16914,"href":"https:\/\/www.conselharan.org\/ca\/wp-json\/wp\/v2\/posts\/16913\/revisions\/16914"}],"wp:featuredmedia":[{"embeddable":true,"href":"https:\/\/www.conselharan.org\/ca\/wp-json\/wp\/v2\/media\/16911"}],"wp:attachment":[{"href":"https:\/\/www.conselharan.org\/ca\/wp-json\/wp\/v2\/media?parent=16913"}],"wp:term":[{"taxonomy":"category","embeddable":true,"href":"https:\/\/www.conselharan.org\/ca\/wp-json\/wp\/v2\/categories?post=16913"},{"taxonomy":"post_tag","embeddable":true,"href":"https:\/\/www.conselharan.org\/ca\/wp-json\/wp\/v2\/tags?post=16913"}],"curies":[{"name":"wp","href":"https:\/\/api.w.org\/{rel}","templated":true}]}}