{"id":16950,"date":"2017-04-12T14:18:08","date_gmt":"2017-04-12T12:18:08","guid":{"rendered":"http:\/\/www.conselharan.org\/ca\/?p=16950"},"modified":"2017-04-12T14:18:08","modified_gmt":"2017-04-12T12:18:08","slug":"mor-d-melquiades-calzado-de-castro-il%c2%b7lustre-daran","status":"publish","type":"post","link":"https:\/\/www.conselharan.org\/ca\/mor-d-melquiades-calzado-de-castro-il%c2%b7lustre-daran\/","title":{"rendered":"Mor D. Melquiades Calzado de Castro il\u00b7lustre d&#8217;Aran"},"content":{"rendered":"<p>Vielha, 12 d&#8217;abril de 2017.- Ahir dimarts 11 d&#8217;abril a l&#8217;edat de 93 anys, va morir D. Melquiades Calzado de Castro, aran\u00e8s adoptiu i il\u00b7lustre d&#8217;Aran.<\/p>\n<p>Melquiades Calzado va rebre de mans del sindic d&#8217;Aran Carlos Barrera, la <strong>Medalla d&#8217;Or del Conselh Generau d&#8217;Aran<\/strong> el 26 de desembre de 2013. La Medalla d&#8217;Or del Conselh Generau d&#8217;Aran, \u00e9s la m\u00e0xima distinci\u00f3 honor\u00edfica que atorga el Govern d&#8217;Aran en reconeixement a persones i col\u00b7lectius que amb les seves aportacions han prestat serveis rellevants a la Val d&#8217;Aran.<\/p>\n<p><a href=\"http:\/\/www.conselharan.org\/wp-content\/uploads\/2017\/04\/Captura-de-pantalla-completa-12042017-140727.jpg\"><img loading=\"lazy\" decoding=\"async\" class=\"aligncenter size-full wp-image-16946\" src=\"http:\/\/www.conselharan.org\/wp-content\/uploads\/2017\/04\/Captura-de-pantalla-completa-12042017-140727.jpg\" alt=\"Captura de pantalla completa 12042017 140727\" width=\"954\" height=\"736\" srcset=\"https:\/\/www.conselharan.org\/wp-content\/uploads\/2017\/04\/Captura-de-pantalla-completa-12042017-140727.jpg 954w, https:\/\/www.conselharan.org\/wp-content\/uploads\/2017\/04\/Captura-de-pantalla-completa-12042017-140727-300x231.jpg 300w, https:\/\/www.conselharan.org\/wp-content\/uploads\/2017\/04\/Captura-de-pantalla-completa-12042017-140727-768x593.jpg 768w\" sizes=\"(max-width: 954px) 100vw, 954px\" \/><\/a><\/p>\n<p>Llicenciat en Dret per la Universitat de Barcelona i Historiador, D. Melquiades Calzado va ser ve\u00ed de Les des que l&#8217;any 1947 va realitzar les mil\u00edcies universit\u00e0ries a Boss\u00f2st, Bausen i el Portilhon.<\/p>\n<p>Enamorat de la Val d&#8217;Aran va comen\u00e7ar les seves investigacions de la hist\u00f2ria aranesa des de mitjans del segle passat, aconseguint crear el &#8220;Arxiu Calzado&#8221;, situat a la Biblioteca de Les, amb m\u00e9s de 500 volums relacionats amb Aran.<\/p>\n<p>La seva passi\u00f3 per la hist\u00f2ria, el va portar a col\u00b7laborar en diferents revistes com Tot Aran i Aran Nau, a m\u00e9s de publicar nombrosos llibres i treballs monogr\u00e0fics sobre aspectes hist\u00f2rics i jur\u00eddics de la Val d&#8217;Aran.<\/p>\n<p>El sindic d&#8217;Aran Carlos Barrera i el Ple del Conselh Generau d&#8217;Aran, expressen el seu condol a la fam\u00edlia i amics per la p\u00e8rdua de tan il\u00b7lustre cuitad\u00e0.<\/p>\n ","protected":false},"excerpt":{"rendered":"<p>Vielha, 12 d&#8217;abril de 2017.- Ahir dimarts 11 d&#8217;abril a l&#8217;edat de 93 anys, va morir D. Melquiades Calzado de Castro, aran\u00e8s adoptiu i il\u00b7lustre d&#8217;Aran. Melquiades Calzado va rebre de mans del sindic d&#8217;Aran Carlos Barrera, la Medalla d&#8217;Or del Conselh Generau d&#8217;Aran el 26 de desembre de 2013. La Medalla d&#8217;Or del Conselh&#8230;<\/p>\n","protected":false},"author":2,"featured_media":16946,"comment_status":"closed","ping_status":"closed","sticky":false,"template":"","format":"standard","meta":{"footnotes":""},"categories":[53],"tags":[],"_links":{"self":[{"href":"https:\/\/www.conselharan.org\/ca\/wp-json\/wp\/v2\/posts\/16950"}],"collection":[{"href":"https:\/\/www.conselharan.org\/ca\/wp-json\/wp\/v2\/posts"}],"about":[{"href":"https:\/\/www.conselharan.org\/ca\/wp-json\/wp\/v2\/types\/post"}],"author":[{"embeddable":true,"href":"https:\/\/www.conselharan.org\/ca\/wp-json\/wp\/v2\/users\/2"}],"replies":[{"embeddable":true,"href":"https:\/\/www.conselharan.org\/ca\/wp-json\/wp\/v2\/comments?post=16950"}],"version-history":[{"count":1,"href":"https:\/\/www.conselharan.org\/ca\/wp-json\/wp\/v2\/posts\/16950\/revisions"}],"predecessor-version":[{"id":16951,"href":"https:\/\/www.conselharan.org\/ca\/wp-json\/wp\/v2\/posts\/16950\/revisions\/16951"}],"wp:featuredmedia":[{"embeddable":true,"href":"https:\/\/www.conselharan.org\/ca\/wp-json\/wp\/v2\/media\/16946"}],"wp:attachment":[{"href":"https:\/\/www.conselharan.org\/ca\/wp-json\/wp\/v2\/media?parent=16950"}],"wp:term":[{"taxonomy":"category","embeddable":true,"href":"https:\/\/www.conselharan.org\/ca\/wp-json\/wp\/v2\/categories?post=16950"},{"taxonomy":"post_tag","embeddable":true,"href":"https:\/\/www.conselharan.org\/ca\/wp-json\/wp\/v2\/tags?post=16950"}],"curies":[{"name":"wp","href":"https:\/\/api.w.org\/{rel}","templated":true}]}}