{"id":17102,"date":"2017-04-27T09:59:54","date_gmt":"2017-04-27T07:59:54","guid":{"rendered":"http:\/\/www.conselharan.org\/ca\/?p=17102"},"modified":"2017-04-27T10:40:14","modified_gmt":"2017-04-27T08:40:14","slug":"9-patinadors-del-cegva-seleccionades-per-participar-al-campionat-despanya","status":"publish","type":"post","link":"https:\/\/www.conselharan.org\/ca\/9-patinadors-del-cegva-seleccionades-per-participar-al-campionat-despanya\/","title":{"rendered":"9 patinadors del CEGVA seleccionades per participar al Campionat d&#8217;Espanya"},"content":{"rendered":"<p><img loading=\"lazy\" decoding=\"async\" class=\"aligncenter size-full wp-image-17098\" src=\"http:\/\/www.conselharan.org\/wp-content\/uploads\/2017\/04\/cartelh-espanha.jpeg\" alt=\"cartelh espanha\" width=\"480\" height=\"678\" srcset=\"https:\/\/www.conselharan.org\/wp-content\/uploads\/2017\/04\/cartelh-espanha.jpeg 480w, https:\/\/www.conselharan.org\/wp-content\/uploads\/2017\/04\/cartelh-espanha-212x300.jpeg 212w\" sizes=\"(max-width: 480px) 100vw, 480px\" \/><\/p>\n<p>&nbsp;<\/p>\n<p>El proper divendres, dissabte i diumenge (28, 29 i 30 d\u2019abril) es celebrar\u00e0 el Campionat d&#8217;Espanya i Copa Federaci\u00f3 en la pista de gel de Puigcerd\u00e0.<\/p>\n<p>&nbsp;<\/p>\n<p><img loading=\"lazy\" decoding=\"async\" class=\"aligncenter size-large wp-image-17100\" src=\"http:\/\/www.conselharan.org\/wp-content\/uploads\/2017\/04\/cegva.campionat-espanha1-1024x575.jpeg\" alt=\"cegva.campionat espanha1\" width=\"1024\" height=\"575\" srcset=\"https:\/\/www.conselharan.org\/wp-content\/uploads\/2017\/04\/cegva.campionat-espanha1-1024x575.jpeg 1024w, https:\/\/www.conselharan.org\/wp-content\/uploads\/2017\/04\/cegva.campionat-espanha1-300x168.jpeg 300w, https:\/\/www.conselharan.org\/wp-content\/uploads\/2017\/04\/cegva.campionat-espanha1-768x431.jpeg 768w, https:\/\/www.conselharan.org\/wp-content\/uploads\/2017\/04\/cegva.campionat-espanha1.jpeg 1600w\" sizes=\"(max-width: 1024px) 100vw, 1024px\" \/><\/p>\n<p>&nbsp;<\/p>\n<p>Les patinadores araneses del Club Esports de Gel Val d\u2019Aran (<strong>CEGVA<\/strong>) que hi participaran s\u00f3n: <strong>Naia Espa\u00f1a, Claudia Capdevila, Irene Ar\u00eds, Lucia Sanchez, Sara Monteagudo, Iria Espa\u00f1a, Aina Masip, Noa Villacampa <\/strong>i<strong> Georgina Serrallach.<\/strong><\/p>\n<p>&nbsp;<\/p>\n<p><img loading=\"lazy\" decoding=\"async\" class=\"aligncenter size-large wp-image-17099\" src=\"http:\/\/www.conselharan.org\/wp-content\/uploads\/2017\/04\/cegva.campionat-espanha-1024x575.jpeg\" alt=\"cegva.campionat espanha\" width=\"1024\" height=\"575\" srcset=\"https:\/\/www.conselharan.org\/wp-content\/uploads\/2017\/04\/cegva.campionat-espanha-1024x575.jpeg 1024w, https:\/\/www.conselharan.org\/wp-content\/uploads\/2017\/04\/cegva.campionat-espanha-300x168.jpeg 300w, https:\/\/www.conselharan.org\/wp-content\/uploads\/2017\/04\/cegva.campionat-espanha-768x431.jpeg 768w, https:\/\/www.conselharan.org\/wp-content\/uploads\/2017\/04\/cegva.campionat-espanha.jpeg 1600w\" sizes=\"(max-width: 1024px) 100vw, 1024px\" \/><\/p>\n<p>&nbsp;<\/p>\n<p>La competici\u00f3 comen\u00e7a aquest divendres amb la categoria Debs, dissabte seran el B\u00e0sic Novice A i diumenge B\u00e0sic Novice B i Junior 2.<\/p>\n<p>&nbsp;<\/p>\n<p>&nbsp;<\/p>\n<p>&nbsp;<\/p>\n<p>&nbsp;<\/p>\n<p>Vielha, 27 d\u2019abril de 2017<\/p>\n<p>&nbsp;<\/p>\n<p><em>Conselh Generau d&#8217;Aran: N\u00faria Sanjuan<\/em><\/p>\n<p><em>Font i fotos: CEGVA<\/em><\/p>\n ","protected":false},"excerpt":{"rendered":"<p>&nbsp; El proper divendres, dissabte i diumenge (28, 29 i 30 d\u2019abril) es celebrar\u00e0 el Campionat d&#8217;Espanya i Copa Federaci\u00f3 en la pista de gel de Puigcerd\u00e0. &nbsp; &nbsp; Les patinadores araneses del Club Esports de Gel Val d\u2019Aran (CEGVA) que hi participaran s\u00f3n: Naia Espa\u00f1a, Claudia Capdevila, Irene Ar\u00eds, Lucia Sanchez, Sara Monteagudo, Iria&#8230;<\/p>\n","protected":false},"author":2,"featured_media":17100,"comment_status":"closed","ping_status":"closed","sticky":false,"template":"","format":"standard","meta":{"footnotes":""},"categories":[136],"tags":[],"_links":{"self":[{"href":"https:\/\/www.conselharan.org\/ca\/wp-json\/wp\/v2\/posts\/17102"}],"collection":[{"href":"https:\/\/www.conselharan.org\/ca\/wp-json\/wp\/v2\/posts"}],"about":[{"href":"https:\/\/www.conselharan.org\/ca\/wp-json\/wp\/v2\/types\/post"}],"author":[{"embeddable":true,"href":"https:\/\/www.conselharan.org\/ca\/wp-json\/wp\/v2\/users\/2"}],"replies":[{"embeddable":true,"href":"https:\/\/www.conselharan.org\/ca\/wp-json\/wp\/v2\/comments?post=17102"}],"version-history":[{"count":1,"href":"https:\/\/www.conselharan.org\/ca\/wp-json\/wp\/v2\/posts\/17102\/revisions"}],"predecessor-version":[{"id":17103,"href":"https:\/\/www.conselharan.org\/ca\/wp-json\/wp\/v2\/posts\/17102\/revisions\/17103"}],"wp:featuredmedia":[{"embeddable":true,"href":"https:\/\/www.conselharan.org\/ca\/wp-json\/wp\/v2\/media\/17100"}],"wp:attachment":[{"href":"https:\/\/www.conselharan.org\/ca\/wp-json\/wp\/v2\/media?parent=17102"}],"wp:term":[{"taxonomy":"category","embeddable":true,"href":"https:\/\/www.conselharan.org\/ca\/wp-json\/wp\/v2\/categories?post=17102"},{"taxonomy":"post_tag","embeddable":true,"href":"https:\/\/www.conselharan.org\/ca\/wp-json\/wp\/v2\/tags?post=17102"}],"curies":[{"name":"wp","href":"https:\/\/api.w.org\/{rel}","templated":true}]}}