{"id":17173,"date":"2017-05-02T12:28:53","date_gmt":"2017-05-02T10:28:53","guid":{"rendered":"http:\/\/www.conselharan.org\/ca\/?p=17173"},"modified":"2017-05-02T12:37:02","modified_gmt":"2017-05-02T10:37:02","slug":"atac-de-los-goiat-a-un-poltre-a-la-val-daran","status":"publish","type":"post","link":"https:\/\/www.conselharan.org\/ca\/atac-de-los-goiat-a-un-poltre-a-la-val-daran\/","title":{"rendered":"Atac de l\u2019\u00f3s Goiat a un poltre a la Val d\u2019Aran"},"content":{"rendered":"<p><strong>\u2022 Goiat va ser alliberat al Pallars en el marc del programa Piroslife el mes de juny del 2016.<\/strong><\/p>\n<p><strong>\u2022 L\u2019atac s\u2019ha produ\u00eft al terme municipal de Vilam\u00f2s.<\/strong><\/p>\n<p>&nbsp;<\/p>\n<p><img loading=\"lazy\" decoding=\"async\" class=\"aligncenter size-large wp-image-17170\" src=\"http:\/\/www.conselharan.org\/wp-content\/uploads\/2017\/05\/potro-Vilam\u00f2s-1024x576.jpg\" alt=\"potro- Vilam\u00f2s\" width=\"1024\" height=\"576\" srcset=\"https:\/\/www.conselharan.org\/wp-content\/uploads\/2017\/05\/potro-Vilam\u00f2s-1024x576.jpg 1024w, https:\/\/www.conselharan.org\/wp-content\/uploads\/2017\/05\/potro-Vilam\u00f2s-300x169.jpg 300w, https:\/\/www.conselharan.org\/wp-content\/uploads\/2017\/05\/potro-Vilam\u00f2s-768x432.jpg 768w, https:\/\/www.conselharan.org\/wp-content\/uploads\/2017\/05\/potro-Vilam\u00f2s.jpg 1328w\" sizes=\"(max-width: 1024px) 100vw, 1024px\" \/><\/p>\n<p>&nbsp;<\/p>\n<p>Avui s\u2019ha constatat a la Val d\u2019Aran un atac de l\u2019\u00f3s Goiat a un poltre prop del nucli de Vilam\u00f2s, al terme municipal del mateix nom.<\/p>\n<p>&nbsp;<\/p>\n<p><img loading=\"lazy\" decoding=\"async\" class=\"aligncenter size-large wp-image-17171\" src=\"http:\/\/www.conselharan.org\/wp-content\/uploads\/2017\/05\/cap-1024x576.jpg\" alt=\"cap\" width=\"1024\" height=\"576\" srcset=\"https:\/\/www.conselharan.org\/wp-content\/uploads\/2017\/05\/cap-1024x576.jpg 1024w, https:\/\/www.conselharan.org\/wp-content\/uploads\/2017\/05\/cap-300x169.jpg 300w, https:\/\/www.conselharan.org\/wp-content\/uploads\/2017\/05\/cap-768x432.jpg 768w\" sizes=\"(max-width: 1024px) 100vw, 1024px\" \/><\/p>\n<p>&nbsp;<\/p>\n<p>L\u2019atac, que s\u2019ha produ\u00eft aquesta nit a les 00h00, ha causat la mort d\u2019un poltre de dos dies de vida i t\u00e9 la singularitat de ser el primer atac d\u2019\u00f3s constatat a un cap de bestiar equ\u00ed. La mort del poltre ha estat comunicada per un ramader ve\u00ed de la zona i s\u2019ha pogut constatar l\u2019autoria gr\u00e0cies al seguiment GPS que es realitza d\u2019aquest mascle alliberat fa gaireb\u00e9 un any. El GPS ha fixat amb exactitud la pres\u00e8ncia de Goiat en el punt a on s\u2019ha produ\u00eft l\u2019atac.<\/p>\n<p>A causa del tipus de moviments que est\u00e0 realitzant, es sospita que Goiat pot anar acompanyat d\u2019una \u00f3ssa, considerant que aquesta \u00e9s l\u2019\u00e8poca de zel d\u2019aquesta esp\u00e8cie.<\/p>\n<p>Les localitzacions de les darreres setmanes mostren grans despla\u00e7aments de Goiat cap a Fran\u00e7a i cap al Pallars Sobir\u00e0, aquests despla\u00e7aments podrien estar justificats per la recerca de femelles en zel.<\/p>\n<p>Aquest atac al municipi de Vilam\u00f2s reubica a Goiat novament a les Valls Centrals de l\u2019Aran a on ha estabilitzat els seus moviments aquests \u00faltimes dies.<\/p>\n<p>&nbsp;<\/p>\n<p>&nbsp;<\/p>\n<p>&nbsp;<\/p>\n<p>Vielha, 2 de maig de 2017<\/p>\n<p>&nbsp;<\/p>\n<p><em>Conselh Generau d&#8217;Aran: N\u00faria Sanjuan<\/em><\/p>\n ","protected":false},"excerpt":{"rendered":"<p>\u2022 Goiat va ser alliberat al Pallars en el marc del programa Piroslife el mes de juny del 2016. \u2022 L\u2019atac s\u2019ha produ\u00eft al terme municipal de Vilam\u00f2s. &nbsp; &nbsp; Avui s\u2019ha constatat a la Val d\u2019Aran un atac de l\u2019\u00f3s Goiat a un poltre prop del nucli de Vilam\u00f2s, al terme municipal del mateix&#8230;<\/p>\n","protected":false},"author":2,"featured_media":17170,"comment_status":"closed","ping_status":"closed","sticky":false,"template":"","format":"standard","meta":{"footnotes":""},"categories":[128,127,33],"tags":[],"_links":{"self":[{"href":"https:\/\/www.conselharan.org\/ca\/wp-json\/wp\/v2\/posts\/17173"}],"collection":[{"href":"https:\/\/www.conselharan.org\/ca\/wp-json\/wp\/v2\/posts"}],"about":[{"href":"https:\/\/www.conselharan.org\/ca\/wp-json\/wp\/v2\/types\/post"}],"author":[{"embeddable":true,"href":"https:\/\/www.conselharan.org\/ca\/wp-json\/wp\/v2\/users\/2"}],"replies":[{"embeddable":true,"href":"https:\/\/www.conselharan.org\/ca\/wp-json\/wp\/v2\/comments?post=17173"}],"version-history":[{"count":2,"href":"https:\/\/www.conselharan.org\/ca\/wp-json\/wp\/v2\/posts\/17173\/revisions"}],"predecessor-version":[{"id":17177,"href":"https:\/\/www.conselharan.org\/ca\/wp-json\/wp\/v2\/posts\/17173\/revisions\/17177"}],"wp:featuredmedia":[{"embeddable":true,"href":"https:\/\/www.conselharan.org\/ca\/wp-json\/wp\/v2\/media\/17170"}],"wp:attachment":[{"href":"https:\/\/www.conselharan.org\/ca\/wp-json\/wp\/v2\/media?parent=17173"}],"wp:term":[{"taxonomy":"category","embeddable":true,"href":"https:\/\/www.conselharan.org\/ca\/wp-json\/wp\/v2\/categories?post=17173"},{"taxonomy":"post_tag","embeddable":true,"href":"https:\/\/www.conselharan.org\/ca\/wp-json\/wp\/v2\/tags?post=17173"}],"curies":[{"name":"wp","href":"https:\/\/api.w.org\/{rel}","templated":true}]}}