{"id":17229,"date":"2017-05-05T13:38:17","date_gmt":"2017-05-05T11:38:17","guid":{"rendered":"http:\/\/www.conselharan.org\/ca\/?p=17229"},"modified":"2017-05-05T13:38:17","modified_gmt":"2017-05-05T11:38:17","slug":"el-conselh-generau-daran-presenta-per-sant-jordi-la-col%c2%b7leccio-de-contes-petit-pais","status":"publish","type":"post","link":"https:\/\/www.conselharan.org\/ca\/el-conselh-generau-daran-presenta-per-sant-jordi-la-col%c2%b7leccio-de-contes-petit-pais\/","title":{"rendered":"El Conselh Generau d\u2019Aran presenta per Sant Jordi la col\u00b7lecci\u00f3 de contes \u201cPetit Pa\u00eds\u201d"},"content":{"rendered":"<p><strong>Una iniciativa de la comunitat educativa de les escoles de la Val d\u2019Aran i del Departament de Cultura i Pol\u00edtica Ling\u00fc\u00edstica del Conselh Generau d\u2019Aran<\/strong><\/p>\n<p>Vielha, 4 de maig de 2017.- En motiu de la celebraci\u00f3 de la diada de Sant Jordi, el vicesindic d\u2019Aran, <strong>Lu\u00eds Carlos Medina<\/strong>, ha presentat la col\u00b7lecci\u00f3 de contes Petit Pa\u00eds a la seu del Conselh Generau d\u2019Aran.<\/p>\n<p><a href=\"http:\/\/www.conselharan.org\/wp-content\/uploads\/2017\/05\/18056137_1364400096977855_2458398574493928846_o.jpg\"><img loading=\"lazy\" decoding=\"async\" class=\"aligncenter size-large wp-image-17224\" src=\"http:\/\/www.conselharan.org\/wp-content\/uploads\/2017\/05\/18056137_1364400096977855_2458398574493928846_o-1024x768.jpg\" alt=\"18056137_1364400096977855_2458398574493928846_o\" width=\"1024\" height=\"768\" srcset=\"https:\/\/www.conselharan.org\/wp-content\/uploads\/2017\/05\/18056137_1364400096977855_2458398574493928846_o-1024x768.jpg 1024w, https:\/\/www.conselharan.org\/wp-content\/uploads\/2017\/05\/18056137_1364400096977855_2458398574493928846_o-300x225.jpg 300w, https:\/\/www.conselharan.org\/wp-content\/uploads\/2017\/05\/18056137_1364400096977855_2458398574493928846_o-768x576.jpg 768w, https:\/\/www.conselharan.org\/wp-content\/uploads\/2017\/05\/18056137_1364400096977855_2458398574493928846_o.jpg 1600w\" sizes=\"(max-width: 1024px) 100vw, 1024px\" \/><\/a><\/p>\n<p>La col\u00b7lecci\u00f3 de contes anomenada <strong>\u201cPetit Pa\u00eds\u201d,<\/strong> \u00e9s una nova col\u00b7lecci\u00f3 de contes en aran\u00e8s que neix per donar resposta a una necessitat manifestada pels membres de la comunitat educativa de les escoles de la Val d\u2019Aran, juntament amb el Centre de Recursos Pedag\u00f2gics i el servei de Cultura i Pol\u00edtica Ling\u00fc\u00edstica del Conselh Generau d\u2019Aran, per tal de crear, elaborar i adaptar material did\u00e0ctic i produccions liter\u00e0ries en aran\u00e8s per a nens i nenes d\u2019educaci\u00f3 infantil i de cicle inicial i facilitar un bon h\u00e0bit de lectura a l\u2019escola, aprofundir en l\u2019estructura del llenguatge oral, de la mem\u00f2ria visual i auditiva, de l\u2019ampliaci\u00f3 de vocabulari i d\u2019una millor estructuraci\u00f3 de l\u2019expressi\u00f3 i comprensi\u00f3 oral dels alumnes.<\/p>\n<p>La col\u00b7lecci\u00f3 Petit Pa\u00eds,\u00a0 que va adre\u00e7ada a nens i nenes de P-5 i de 1er i 2on de prim\u00e0ria, de 4 a 7 anys, consisteix en els contes: <strong>Era H\u00e8ira, Era Net de Sant Joan, Desir d\u2019Aran, Mist\u00e8ri ena escola, Era H\u00e8sta de Magr\u00e0s, Es Cresp\u00e8ths, Era Legenda de Sant Jordi i Era Castanh\u00e8ra.<\/strong><\/p>\n<p><a href=\"http:\/\/www.conselharan.org\/wp-content\/uploads\/2017\/05\/18056120_1364400396977825_3577767120715731429_o.jpg\"><img loading=\"lazy\" decoding=\"async\" class=\"aligncenter size-large wp-image-17223\" src=\"http:\/\/www.conselharan.org\/wp-content\/uploads\/2017\/05\/18056120_1364400396977825_3577767120715731429_o-1024x768.jpg\" alt=\"18056120_1364400396977825_3577767120715731429_o\" width=\"1024\" height=\"768\" srcset=\"https:\/\/www.conselharan.org\/wp-content\/uploads\/2017\/05\/18056120_1364400396977825_3577767120715731429_o-1024x768.jpg 1024w, https:\/\/www.conselharan.org\/wp-content\/uploads\/2017\/05\/18056120_1364400396977825_3577767120715731429_o-300x225.jpg 300w, https:\/\/www.conselharan.org\/wp-content\/uploads\/2017\/05\/18056120_1364400396977825_3577767120715731429_o-768x576.jpg 768w, https:\/\/www.conselharan.org\/wp-content\/uploads\/2017\/05\/18056120_1364400396977825_3577767120715731429_o.jpg 1600w\" sizes=\"(max-width: 1024px) 100vw, 1024px\" \/><\/a><\/p>\n<p>Els autors dels textos s\u00f3n: M\u00aa Lluisa Roig, Mireia Fabregat, Esther Palomar, Sira Ortiz, Sandra L\u00f3pez, Mari Carmen Forment, Maite Bayo i Susana Vidal.<\/p>\n<p>Les il\u00b7lustracions dels contes de la col\u00b7lecci\u00f3 han anat a c\u00e0rrec de: Carme Tamarit, Alberto Pallar\u00e9s, Eli Moga, Montse Espa\u00f1ol, Kristina Nart, Carme Tamarit i Jos\u00e9 Fenoy.<\/p>\n<p>Actualment ja s\u00f3n 8 els t\u00edtols disponibles de la col\u00b7lecci\u00f3.<\/p>\n<p>En el mateix acte tamb\u00e9 es van presentar dos contes de la col\u00b7lecci\u00f3 Biblioteca escolar de la Editorial Teide. Pinotxo i Tom Sawyer, que han estat tradu\u00efts per el Departament de Llengua i Cultura del Conselh Generau d\u2019Aran i el Centre de Recursos Pedag\u00f2gics de la Val d\u2019Aran.<\/p>\n<p>&nbsp;<\/p>\n<p><a href=\"http:\/\/www.conselharan.org\/wp-content\/uploads\/2017\/05\/18055732_1364400216977843_4788285489360428633_o.jpg\"><img loading=\"lazy\" decoding=\"async\" class=\"aligncenter size-large wp-image-17222\" src=\"http:\/\/www.conselharan.org\/wp-content\/uploads\/2017\/05\/18055732_1364400216977843_4788285489360428633_o-1024x768.jpg\" alt=\"18055732_1364400216977843_4788285489360428633_o\" width=\"1024\" height=\"768\" srcset=\"https:\/\/www.conselharan.org\/wp-content\/uploads\/2017\/05\/18055732_1364400216977843_4788285489360428633_o-1024x768.jpg 1024w, https:\/\/www.conselharan.org\/wp-content\/uploads\/2017\/05\/18055732_1364400216977843_4788285489360428633_o-300x225.jpg 300w, https:\/\/www.conselharan.org\/wp-content\/uploads\/2017\/05\/18055732_1364400216977843_4788285489360428633_o-768x576.jpg 768w, https:\/\/www.conselharan.org\/wp-content\/uploads\/2017\/05\/18055732_1364400216977843_4788285489360428633_o.jpg 1600w\" sizes=\"(max-width: 1024px) 100vw, 1024px\" \/><\/a><\/p>\n ","protected":false},"excerpt":{"rendered":"<p>Una iniciativa de la comunitat educativa de les escoles de la Val d\u2019Aran i del Departament de Cultura i Pol\u00edtica Ling\u00fc\u00edstica del Conselh Generau d\u2019Aran Vielha, 4 de maig de 2017.- En motiu de la celebraci\u00f3 de la diada de Sant Jordi, el vicesindic d\u2019Aran, Lu\u00eds Carlos Medina, ha presentat la col\u00b7lecci\u00f3 de contes Petit&#8230;<\/p>\n","protected":false},"author":2,"featured_media":17224,"comment_status":"closed","ping_status":"closed","sticky":false,"template":"","format":"standard","meta":{"footnotes":""},"categories":[53],"tags":[],"_links":{"self":[{"href":"https:\/\/www.conselharan.org\/ca\/wp-json\/wp\/v2\/posts\/17229"}],"collection":[{"href":"https:\/\/www.conselharan.org\/ca\/wp-json\/wp\/v2\/posts"}],"about":[{"href":"https:\/\/www.conselharan.org\/ca\/wp-json\/wp\/v2\/types\/post"}],"author":[{"embeddable":true,"href":"https:\/\/www.conselharan.org\/ca\/wp-json\/wp\/v2\/users\/2"}],"replies":[{"embeddable":true,"href":"https:\/\/www.conselharan.org\/ca\/wp-json\/wp\/v2\/comments?post=17229"}],"version-history":[{"count":1,"href":"https:\/\/www.conselharan.org\/ca\/wp-json\/wp\/v2\/posts\/17229\/revisions"}],"predecessor-version":[{"id":17230,"href":"https:\/\/www.conselharan.org\/ca\/wp-json\/wp\/v2\/posts\/17229\/revisions\/17230"}],"wp:featuredmedia":[{"embeddable":true,"href":"https:\/\/www.conselharan.org\/ca\/wp-json\/wp\/v2\/media\/17224"}],"wp:attachment":[{"href":"https:\/\/www.conselharan.org\/ca\/wp-json\/wp\/v2\/media?parent=17229"}],"wp:term":[{"taxonomy":"category","embeddable":true,"href":"https:\/\/www.conselharan.org\/ca\/wp-json\/wp\/v2\/categories?post=17229"},{"taxonomy":"post_tag","embeddable":true,"href":"https:\/\/www.conselharan.org\/ca\/wp-json\/wp\/v2\/tags?post=17229"}],"curies":[{"name":"wp","href":"https:\/\/api.w.org\/{rel}","templated":true}]}}