{"id":17274,"date":"2017-05-09T14:03:02","date_gmt":"2017-05-09T12:03:02","guid":{"rendered":"http:\/\/www.conselharan.org\/ca\/?p=17274"},"modified":"2017-05-09T14:03:25","modified_gmt":"2017-05-09T12:03:25","slug":"la-fundacio-endesa-i-el-conselh-generau-daran-inauguren-la-rehabilitacio-dun-dels-trams-del-camin-reiau-mes-afectat-per-les-riuades-del-2013","status":"publish","type":"post","link":"https:\/\/www.conselharan.org\/ca\/la-fundacio-endesa-i-el-conselh-generau-daran-inauguren-la-rehabilitacio-dun-dels-trams-del-camin-reiau-mes-afectat-per-les-riuades-del-2013\/","title":{"rendered":"La Fundaci\u00f3 Endesa i el Conselh Generau d\u2019Aran inauguren la rehabilitaci\u00f3 d\u2019un dels trams del Camin Reiau m\u00e9s afectat per les riuades del 2013"},"content":{"rendered":"<p>\u2022 <strong>Les obres que avui es presenten corresponen a la reparaci\u00f3 i protecci\u00f3 del marge esquerra del riu Garona i a la reposici\u00f3 del Camin Reiau en els termes municipals de Vilam\u00f2s i Es B\u00f2rdes<\/strong><\/p>\n<p><strong>\u2022 Aquest projecte ha suposat una inversi\u00f3 de 318.500 euros, que es suma als 400.000 euros aportats el 2014 i destinats a diferents tasques relatives a la recuperaci\u00f3 i reparaci\u00f3 de l\u2019entorn malm\u00e8s per l\u2019aiguat<\/strong><\/p>\n<p><strong>\u2022 La directora general de la Companyia a Catalunya, Isabel Buesa, i el s\u00edndic d\u2019Aran, Carlos Barrera, han presidit l\u2019acte celebrat aquest mat\u00ed<\/strong><\/p>\n<p>&nbsp;<\/p>\n<p><img loading=\"lazy\" decoding=\"async\" class=\"aligncenter size-large wp-image-17276\" src=\"http:\/\/www.conselharan.org\/wp-content\/uploads\/2017\/05\/IMG_5184-1-1024x768.jpg\" alt=\"IMG_5184\" width=\"1024\" height=\"768\" srcset=\"https:\/\/www.conselharan.org\/wp-content\/uploads\/2017\/05\/IMG_5184-1-1024x768.jpg 1024w, https:\/\/www.conselharan.org\/wp-content\/uploads\/2017\/05\/IMG_5184-1-300x225.jpg 300w, https:\/\/www.conselharan.org\/wp-content\/uploads\/2017\/05\/IMG_5184-1-768x576.jpg 768w\" sizes=\"(max-width: 1024px) 100vw, 1024px\" \/><\/p>\n<p>&nbsp;<\/p>\n<p>Aquest mat\u00ed s\u2019ha celebrat a la Val d\u2019Aran l\u2019acte d\u2019inauguraci\u00f3 de la rehabilitaci\u00f3 d\u2019un dels trams del Camin Reiau m\u00e9s afectats per les riuades de 2013. L\u2019acte, ha estat presidit per la directora general d\u2019Endesa a Catalunya, <strong>Isabel Buesa<\/strong>, pel s\u00edndic d\u2019Aran, <strong>Carlos Barrera<\/strong>, i pel director general d\u2019Enel Green Power Espanya (filial de renovables d\u2019Endesa), <strong>Enrique de las Morenas<\/strong>, tamb\u00e9 han assistit d\u2019altres autoritats i representants, que han donat per finalitzades les tasques de reparaci\u00f3 i protecci\u00f3 del marge esquerra del riu Garona i la reposici\u00f3 del tram del Camin Reiau al seu pas pels termes municipals de Vilam\u00f2s i Es B\u00f2rdes. Aquest projecte, que ha suposat una inversi\u00f3 de 318.500 euros, es suma als 400.000 euros aportats per la Companyia el 2014 i destinats a diferents tasques relatives a la recuperaci\u00f3 i reparaci\u00f3 de les destrosses ocasionades per l\u2019aiguat.<\/p>\n<p>L\u2019objectiu del projecte que avui s\u2019inaugura \u00e9s tornar el Camin Reiau al seu tra\u00e7at original, malm\u00e8s arran de les fortes pluges que van tenir lloc el mes de juny de 2013 i que van comportar el desbordament dels rius que entre d\u2019altres coses, van erosionar i arrossegar alguns trams d\u2019aquest cam\u00ed que discorre per tota la vall, majorit\u00e0riament en paral\u2022lel al curs del riu Garona. El tram del Camin Reiau que es troba a l\u2019al\u00e7ada de Era Bordeta (al terme municipal de Vilam\u00f2s), i que avui s\u2019inaugura, va quedar llavors completament erosionat fins al punt que es va haver de condicionar un cam\u00ed alternatiu, que passava entre finques particulars, per tal de poder comunicar diverses construccions i parcel\u2022les. L\u2019obra que avui s\u2019inaugura, posterior a la reconstituci\u00f3 dels marges del riu, consisteix a la total reconstrucci\u00f3 del cam\u00ed, que s\u2019ha fet amb la formaci\u00f3 d\u2019un terrapl\u00e8, aix\u00ed com l\u2019execuci\u00f3 d\u2019un mur escullera amb tal\u00fas, que ha de protegir el terrapl\u00e8 que forma el cam\u00ed de futures riuades.<\/p>\n<p>&nbsp;<\/p>\n<p><img loading=\"lazy\" decoding=\"async\" class=\"aligncenter size-large wp-image-17277\" src=\"http:\/\/www.conselharan.org\/wp-content\/uploads\/2017\/05\/IMG_5188-1-1024x768.jpg\" alt=\"IMG_5188\" width=\"1024\" height=\"768\" srcset=\"https:\/\/www.conselharan.org\/wp-content\/uploads\/2017\/05\/IMG_5188-1-1024x768.jpg 1024w, https:\/\/www.conselharan.org\/wp-content\/uploads\/2017\/05\/IMG_5188-1-300x225.jpg 300w, https:\/\/www.conselharan.org\/wp-content\/uploads\/2017\/05\/IMG_5188-1-768x576.jpg 768w\" sizes=\"(max-width: 1024px) 100vw, 1024px\" \/><\/p>\n<p>&nbsp;<\/p>\n<p>La zona rehabilitada \u00e9s d\u2019especial inter\u00e8s mediambiental ja que es troba dins la zona Natura 2000, una xarxa ecol\u00f2gica europea d\u2019\u00e0rees de conservaci\u00f3 de la biodiversitat. El riu Garona \u00e9s h\u00e0bitat natural de diverses esp\u00e8cies protegides, entre les quals s\u2019hi compten el cavilat, la ll\u00fadria com\u00fa i l\u2019almesquera dels Pirineus.<\/p>\n<p>Des de l\u2019any 2014, arran del primer conveni signat entre la Fundaci\u00f3 Endesa i el Conselh Generau d\u2019Aran, la Fundaci\u00f3 ha estat col\u2022laborant en diferents actuacions relatives a la restauraci\u00f3 ambiental del Camin Reiau i el seu entorn. Concretament, ha participat, des d\u2019aquell any, en la restauraci\u00f3 d\u2019aquest cam\u00ed al seu pas per \u00c0ubert, Era Bordeta i Arties e Gar\u00f2s aix\u00ed com en la reparaci\u00f3 i pavimentaci\u00f3 del p\u00e0rquing de la M\u00f2la a Arties, que dona acc\u00e9s a la ribera de Valarties i en la restauraci\u00f3 de la pista Margalida a Boss\u00f2st. I, finalment, en el tram que avui s\u2019ha inaugurat.<\/p>\n<p>&nbsp;<\/p>\n<p><img loading=\"lazy\" decoding=\"async\" class=\"aligncenter size-large wp-image-17275\" src=\"http:\/\/www.conselharan.org\/wp-content\/uploads\/2017\/05\/DSC_0302-1-1024x680.jpg\" alt=\"DSC_0302\" width=\"1024\" height=\"680\" srcset=\"https:\/\/www.conselharan.org\/wp-content\/uploads\/2017\/05\/DSC_0302-1-1024x680.jpg 1024w, https:\/\/www.conselharan.org\/wp-content\/uploads\/2017\/05\/DSC_0302-1-300x199.jpg 300w, https:\/\/www.conselharan.org\/wp-content\/uploads\/2017\/05\/DSC_0302-1-768x510.jpg 768w\" sizes=\"(max-width: 1024px) 100vw, 1024px\" \/><\/p>\n<p>&nbsp;<\/p>\n<p><strong>La Fundaci\u00f3 Endesa i la Val d\u2019Aran<\/strong><\/p>\n<p>La Fundaci\u00f3 Endesa t\u00e9 un comprom\u00eds hist\u00f2ric amb la Val d\u2019Aran que es concreta en les nombroses actuacions relatives a l\u2019\u00e0mbit de la recuperaci\u00f3 mediambiental en qu\u00e8 ha participat, com \u00e9s el cas de les zones afectades pels temporals, i tamb\u00e9 en l\u2019\u00e0mbit de la cultura. En aquest segon aspecte, entre les principals actuacions en qu\u00e8 ha col\u2022laborat la Fundaci\u00f3 destaquen la il\u2022luminaci\u00f3 de Santa Maria d\u2019Arties (a Naut Aran), de l\u2019esgl\u00e9sia rom\u00e0nica de Sant Andreu de Salard\u00fa (Naut Aran) i de l\u2019interior de l\u2019esgl\u00e9sia de Sant Miquel de Vielha (Vielha e Mijaran). Aix\u00ed mateix, ha participat molt estretament amb el Conselh Generau d\u2019Aran en les tasques d\u2019il\u2022luminaci\u00f3 d\u2019altres 14 esgl\u00e9sies en aquest territori, per als quals va aportar m\u00e9s de 66.000 euros.<\/p>\n<p>En total, la Fundaci\u00f3 Endesa ha aportat des de l\u2019any 2000 uns 150.000 euros en projectes d\u2019il\u2022luminaci\u00f3 a tota la comarca.<\/p>\n<p><strong>Sobre la Fundaci\u00f3 Endesa<\/strong><\/p>\n<p>La Fundaci\u00f3 Endesa, presidida per Borja Prado, demostra una clara vocaci\u00f3 de desenvolupament social a trav\u00e9s dels seus projectes educatius, la formaci\u00f3 per a la feina, el comprom\u00eds amb el medi ambient i iniciatives culturals.<\/p>\n<p>Pel qu\u00e8 fa als projectes de car\u00e0cter educatiu, impulsa iniciatives que transformen i innoven l\u2019educaci\u00f3 a tots els seus nivells i promou l\u2019excel\u2022l\u00e8ncia acad\u00e8mica en l\u2019\u00e0mbit universitari a trav\u00e9s d\u2019ajudes, beques i c\u00e0tedres. Igualment, impulsa projectes de formaci\u00f3 per a la feina, i posa el focus en la promoci\u00f3 del talent, dirigit a persones en risc d\u2019exclusi\u00f3 social, a joves emprenedors amb escassos recursos i a professionals de m\u00e9s de 50 anys. Aix\u00ed mateix, implementa iniciatives de tipus mediambiental vinculades amb l\u2019educaci\u00f3 en cultura ecol\u00f2gica i projectes espec\u00edfics de millora en entorn naturals i d\u2019\u00fas industrial.<\/p>\n<p>Finalment, la Fundaci\u00f3 continua impulsant la il\u2022luminaci\u00f3 de b\u00e9ns de patrimoni hist\u00f2ric i art\u00edstic, aix\u00ed com la promoci\u00f3, recuperaci\u00f3 i conservaci\u00f3 de la cultura.<\/p>\n<p>M\u00e9s informaci\u00f3 a: <a href=\"http:\/\/www.fundacionendesa.org\/\" target=\"_blank\">http:\/\/www.fundacionendesa.org\/<\/a><\/p>\n<p>&nbsp;<\/p>\n<p>&nbsp;<\/p>\n<p>&nbsp;<\/p>\n<p>Vielha, 9 de maig de 2017<\/p>\n<p>&nbsp;<\/p>\n<p><em>Conselh Generau d&#8217;Aran: N\u00faria Sanjuan<\/em><\/p>\n ","protected":false},"excerpt":{"rendered":"<p>\u2022 Les obres que avui es presenten corresponen a la reparaci\u00f3 i protecci\u00f3 del marge esquerra del riu Garona i a la reposici\u00f3 del Camin Reiau en els termes municipals de Vilam\u00f2s i Es B\u00f2rdes \u2022 Aquest projecte ha suposat una inversi\u00f3 de 318.500 euros, que es suma als 400.000 euros aportats el 2014 i&#8230;<\/p>\n","protected":false},"author":2,"featured_media":17276,"comment_status":"closed","ping_status":"closed","sticky":false,"template":"","format":"standard","meta":{"footnotes":""},"categories":[53],"tags":[],"_links":{"self":[{"href":"https:\/\/www.conselharan.org\/ca\/wp-json\/wp\/v2\/posts\/17274"}],"collection":[{"href":"https:\/\/www.conselharan.org\/ca\/wp-json\/wp\/v2\/posts"}],"about":[{"href":"https:\/\/www.conselharan.org\/ca\/wp-json\/wp\/v2\/types\/post"}],"author":[{"embeddable":true,"href":"https:\/\/www.conselharan.org\/ca\/wp-json\/wp\/v2\/users\/2"}],"replies":[{"embeddable":true,"href":"https:\/\/www.conselharan.org\/ca\/wp-json\/wp\/v2\/comments?post=17274"}],"version-history":[{"count":1,"href":"https:\/\/www.conselharan.org\/ca\/wp-json\/wp\/v2\/posts\/17274\/revisions"}],"predecessor-version":[{"id":17278,"href":"https:\/\/www.conselharan.org\/ca\/wp-json\/wp\/v2\/posts\/17274\/revisions\/17278"}],"wp:featuredmedia":[{"embeddable":true,"href":"https:\/\/www.conselharan.org\/ca\/wp-json\/wp\/v2\/media\/17276"}],"wp:attachment":[{"href":"https:\/\/www.conselharan.org\/ca\/wp-json\/wp\/v2\/media?parent=17274"}],"wp:term":[{"taxonomy":"category","embeddable":true,"href":"https:\/\/www.conselharan.org\/ca\/wp-json\/wp\/v2\/categories?post=17274"},{"taxonomy":"post_tag","embeddable":true,"href":"https:\/\/www.conselharan.org\/ca\/wp-json\/wp\/v2\/tags?post=17274"}],"curies":[{"name":"wp","href":"https:\/\/api.w.org\/{rel}","templated":true}]}}