{"id":17285,"date":"2017-05-10T11:18:29","date_gmt":"2017-05-10T09:18:29","guid":{"rendered":"http:\/\/www.conselharan.org\/ca\/?p=17285"},"modified":"2017-05-10T11:18:29","modified_gmt":"2017-05-10T09:18:29","slug":"pfi-pla-de-transicio-al-treball-val-daran-2","status":"publish","type":"post","link":"https:\/\/www.conselharan.org\/ca\/pfi-pla-de-transicio-al-treball-val-daran-2\/","title":{"rendered":"PFI- Pla de Transici\u00f3 al Treball Val d\u2019Aran"},"content":{"rendered":"<p>\u2022<strong> Preinscripcions del 15 al 26 de maig de 2017 (ambd\u00f3s inclosos)<\/strong><\/p>\n<p>&nbsp;<\/p>\n<p><img loading=\"lazy\" decoding=\"async\" class=\"aligncenter size-full wp-image-17282\" src=\"http:\/\/www.conselharan.org\/wp-content\/uploads\/2017\/05\/office-2065542_960_720.jpg\" alt=\"office-2065542_960_720\" width=\"960\" height=\"640\" srcset=\"https:\/\/www.conselharan.org\/wp-content\/uploads\/2017\/05\/office-2065542_960_720.jpg 960w, https:\/\/www.conselharan.org\/wp-content\/uploads\/2017\/05\/office-2065542_960_720-300x200.jpg 300w, https:\/\/www.conselharan.org\/wp-content\/uploads\/2017\/05\/office-2065542_960_720-768x512.jpg 768w\" sizes=\"(max-width: 960px) 100vw, 960px\" \/><\/p>\n<p>&nbsp;<\/p>\n<p>Si tens entre<strong> 16 i 21 anys, NO tens el t\u00edtol del graduat escolar<\/strong> per\u00f2 tens ganes de formar-te en alguna professi\u00f3, entrar al m\u00f3n laboral o augmentar les teves possibilitats de continuar la formaci\u00f3 professional en un grau mig, et pots inscriure al Programa de formaci\u00f3 i inserci\u00f3 del PTT VAL D\u2019ARAN.<\/p>\n<p>El nostre perfil \u00e9s d\u2019 <strong>AUXILIAR EN VENDES, OFICINA I ATENCI\u00d3 AL P\u00daBLIC<\/strong>. Rebr\u00e0s formaci\u00f3 professional en l\u2019\u00e0mbit del comer\u00e7: atenci\u00f3 al client, empaquetat, magatzem, ofim\u00e0tica i t\u00e8cniques administratives b\u00e0siques, entre altres, i podr\u00e0s aplicar-ho i continuar aprenent a trav\u00e9s de les pr\u00e0ctiques en empresa.<\/p>\n<p>A m\u00e9s de tenir la oportunitat de posar-te al dia amb continguts b\u00e0sics com les matem\u00e0tiques, les lleng\u00fces i el coneixement de l\u2019entorn, podr\u00e0s obtenir facilitats per aprovar la prova d\u2019acc\u00e9s a Cicles Formatius de Grau Mitj\u00e0, en cas de voler continuar la formaci\u00f3 professional.<\/p>\n<p>La durada \u00e9s d\u2019un curs escolar (1.000h), un any per aprofitar al m\u00e0xim!<\/p>\n<p>Anima\u2019t les preinscripcions seran la 2a quinzena de maig.<\/p>\n<p>Per qualsevol dubte o m\u00e9s informaci\u00f3 ens trobar\u00e0s a: CFA Val d\u2019Aran o al tel\u00e8fon 973 64 13 64 (demanar per M\u00edriam Arj\u00f3)<\/p>\n<p>Preinscripcions del 15 al 26 de maig de 2017 (ambd\u00f3s inclosos)<\/p>\n<p>&nbsp;<\/p>\n<p>&nbsp;<\/p>\n<p>&nbsp;<\/p>\n<p>Vielha, 10 de maig de 2017<\/p>\n<p>&nbsp;<\/p>\n<p><em>Conselh Generau d&#8217;Aran: N\u00faria Sanjuan<\/em><\/p>\n ","protected":false},"excerpt":{"rendered":"<p>\u2022 Preinscripcions del 15 al 26 de maig de 2017 (ambd\u00f3s inclosos) &nbsp; &nbsp; Si tens entre 16 i 21 anys, NO tens el t\u00edtol del graduat escolar per\u00f2 tens ganes de formar-te en alguna professi\u00f3, entrar al m\u00f3n laboral o augmentar les teves possibilitats de continuar la formaci\u00f3 professional en un grau mig, et&#8230;<\/p>\n","protected":false},"author":2,"featured_media":17286,"comment_status":"closed","ping_status":"closed","sticky":false,"template":"","format":"standard","meta":{"footnotes":""},"categories":[33],"tags":[],"_links":{"self":[{"href":"https:\/\/www.conselharan.org\/ca\/wp-json\/wp\/v2\/posts\/17285"}],"collection":[{"href":"https:\/\/www.conselharan.org\/ca\/wp-json\/wp\/v2\/posts"}],"about":[{"href":"https:\/\/www.conselharan.org\/ca\/wp-json\/wp\/v2\/types\/post"}],"author":[{"embeddable":true,"href":"https:\/\/www.conselharan.org\/ca\/wp-json\/wp\/v2\/users\/2"}],"replies":[{"embeddable":true,"href":"https:\/\/www.conselharan.org\/ca\/wp-json\/wp\/v2\/comments?post=17285"}],"version-history":[{"count":1,"href":"https:\/\/www.conselharan.org\/ca\/wp-json\/wp\/v2\/posts\/17285\/revisions"}],"predecessor-version":[{"id":17287,"href":"https:\/\/www.conselharan.org\/ca\/wp-json\/wp\/v2\/posts\/17285\/revisions\/17287"}],"wp:featuredmedia":[{"embeddable":true,"href":"https:\/\/www.conselharan.org\/ca\/wp-json\/wp\/v2\/media\/17286"}],"wp:attachment":[{"href":"https:\/\/www.conselharan.org\/ca\/wp-json\/wp\/v2\/media?parent=17285"}],"wp:term":[{"taxonomy":"category","embeddable":true,"href":"https:\/\/www.conselharan.org\/ca\/wp-json\/wp\/v2\/categories?post=17285"},{"taxonomy":"post_tag","embeddable":true,"href":"https:\/\/www.conselharan.org\/ca\/wp-json\/wp\/v2\/tags?post=17285"}],"curies":[{"name":"wp","href":"https:\/\/api.w.org\/{rel}","templated":true}]}}