{"id":17303,"date":"2017-05-12T08:00:02","date_gmt":"2017-05-12T06:00:02","guid":{"rendered":"http:\/\/www.conselharan.org\/ca\/?p=17303"},"modified":"2017-05-12T09:38:17","modified_gmt":"2017-05-12T07:38:17","slug":"el-conselh-generau-daran-finalitza-les-obres-del-tram-del-barranc-de-geles-a-lartiga-de-lin-afectat-per-les-riades-del-2013","status":"publish","type":"post","link":"https:\/\/www.conselharan.org\/ca\/el-conselh-generau-daran-finalitza-les-obres-del-tram-del-barranc-de-geles-a-lartiga-de-lin-afectat-per-les-riades-del-2013\/","title":{"rendered":"El Conselh Generau d\u2019Aran finalitza les obres del tram del barranc de Geles, a l\u2019Artiga de Lin, afectat per les riades del 2013"},"content":{"rendered":"<p><img loading=\"lazy\" decoding=\"async\" class=\"aligncenter size-large wp-image-17319\" src=\"http:\/\/www.conselharan.org\/wp-content\/uploads\/2017\/05\/IMG_9443-1024x768.jpg\" alt=\"IMG_9443\" width=\"1024\" height=\"768\" srcset=\"https:\/\/www.conselharan.org\/wp-content\/uploads\/2017\/05\/IMG_9443-1024x768.jpg 1024w, https:\/\/www.conselharan.org\/wp-content\/uploads\/2017\/05\/IMG_9443-300x225.jpg 300w, https:\/\/www.conselharan.org\/wp-content\/uploads\/2017\/05\/IMG_9443-768x576.jpg 768w\" sizes=\"(max-width: 1024px) 100vw, 1024px\" \/><\/p>\n<p><em>Estat actual de la pista a l&#8217;al\u00e7ada del Barranc de Geles<\/em><\/p>\n<p>&nbsp;<\/p>\n<p>Tres dies despr\u00e9s de la inauguraci\u00f3 del tram del Cam\u00ed Reial de Era Bordeta, ahir dijous, 11 de maig, el Conselh Generau d\u2019Aran va finalitzar les obres de reconstrucci\u00f3 de la pista de l&#8217;Artiga de Lin, el tram a l&#8217;al\u00e7ada del barranc de Geles, afectat per les riuades del 2013.<\/p>\n<p>&nbsp;<\/p>\n<p><img loading=\"lazy\" decoding=\"async\" class=\"aligncenter size-full wp-image-17318\" src=\"http:\/\/www.conselharan.org\/wp-content\/uploads\/2017\/05\/IMG_9440-anterior.jpg\" alt=\"IMG_9440 anterior\" width=\"640\" height=\"480\" srcset=\"https:\/\/www.conselharan.org\/wp-content\/uploads\/2017\/05\/IMG_9440-anterior.jpg 640w, https:\/\/www.conselharan.org\/wp-content\/uploads\/2017\/05\/IMG_9440-anterior-300x225.jpg 300w\" sizes=\"(max-width: 640px) 100vw, 640px\" \/><\/p>\n<p><em>\u00a0 \u00a0 \u00a0 \u00a0 \u00a0 \u00a0 \u00a0 \u00a0 \u00a0 \u00a0 \u00a0 \u00a0 \u00a0 \u00a0 \u00a0 \u00a0 \u00a0 \u00a0 \u00a0 \u00a0 \u00a0 \u00a0 \u00a0 \u00a0 \u00a0 \u00a0 \u00a0 \u00a0 \u00a0 Estat de la pista abans de l&#8217;actuaci\u00f3<\/em><\/p>\n<p>&nbsp;<\/p>\n<p>La propera intervenci\u00f3 que far\u00e0 el Conselh Generau d\u2019Aran la realitzar\u00e0 juntament amb l&#8217;Ajuntament de Naut Aran a la ribera de Valarties per recuperar el tram de pista desaparegut a l&#8217;al\u00e7ada del Pont de Ress\u00e8c tamb\u00e9 afectat per les riuades del 2013.<\/p>\n<p>&nbsp;<\/p>\n<p>&nbsp;<\/p>\n<p>&nbsp;<\/p>\n<p>Vielha, 12 de maig de 2017<\/p>\n<p>&nbsp;<\/p>\n<p><em>Conselh Generau d&#8217;Aran: N\u00faria Sanjuan \u00a0<\/em><\/p>\n ","protected":false},"excerpt":{"rendered":"<p>Estat actual de la pista a l&#8217;al\u00e7ada del Barranc de Geles &nbsp; Tres dies despr\u00e9s de la inauguraci\u00f3 del tram del Cam\u00ed Reial de Era Bordeta, ahir dijous, 11 de maig, el Conselh Generau d\u2019Aran va finalitzar les obres de reconstrucci\u00f3 de la pista de l&#8217;Artiga de Lin, el tram a l&#8217;al\u00e7ada del barranc de&#8230;<\/p>\n","protected":false},"author":2,"featured_media":17319,"comment_status":"closed","ping_status":"closed","sticky":false,"template":"","format":"standard","meta":{"footnotes":""},"categories":[53,127],"tags":[],"_links":{"self":[{"href":"https:\/\/www.conselharan.org\/ca\/wp-json\/wp\/v2\/posts\/17303"}],"collection":[{"href":"https:\/\/www.conselharan.org\/ca\/wp-json\/wp\/v2\/posts"}],"about":[{"href":"https:\/\/www.conselharan.org\/ca\/wp-json\/wp\/v2\/types\/post"}],"author":[{"embeddable":true,"href":"https:\/\/www.conselharan.org\/ca\/wp-json\/wp\/v2\/users\/2"}],"replies":[{"embeddable":true,"href":"https:\/\/www.conselharan.org\/ca\/wp-json\/wp\/v2\/comments?post=17303"}],"version-history":[{"count":4,"href":"https:\/\/www.conselharan.org\/ca\/wp-json\/wp\/v2\/posts\/17303\/revisions"}],"predecessor-version":[{"id":17325,"href":"https:\/\/www.conselharan.org\/ca\/wp-json\/wp\/v2\/posts\/17303\/revisions\/17325"}],"wp:featuredmedia":[{"embeddable":true,"href":"https:\/\/www.conselharan.org\/ca\/wp-json\/wp\/v2\/media\/17319"}],"wp:attachment":[{"href":"https:\/\/www.conselharan.org\/ca\/wp-json\/wp\/v2\/media?parent=17303"}],"wp:term":[{"taxonomy":"category","embeddable":true,"href":"https:\/\/www.conselharan.org\/ca\/wp-json\/wp\/v2\/categories?post=17303"},{"taxonomy":"post_tag","embeddable":true,"href":"https:\/\/www.conselharan.org\/ca\/wp-json\/wp\/v2\/tags?post=17303"}],"curies":[{"name":"wp","href":"https:\/\/api.w.org\/{rel}","templated":true}]}}