{"id":17340,"date":"2017-05-12T14:36:28","date_gmt":"2017-05-12T12:36:28","guid":{"rendered":"http:\/\/www.conselharan.org\/ca\/?p=17340"},"modified":"2017-05-12T14:36:28","modified_gmt":"2017-05-12T12:36:28","slug":"el-conselh-generau-daran-colabora-en-la-elaboracion-de-los-planes-de-proteccion-civil-de-arres-bausen-y-vilamos","status":"publish","type":"post","link":"https:\/\/www.conselharan.org\/ca\/el-conselh-generau-daran-colabora-en-la-elaboracion-de-los-planes-de-proteccion-civil-de-arres-bausen-y-vilamos\/","title":{"rendered":"El Conselh Generau d\u2019Aran colabora en la elaboraci\u00f3n de los Planes de Protecci\u00f3n Civil de Arres, Bausen y Vilam\u00f3s"},"content":{"rendered":"<p>Vielha, 12 de mayo de 2017.- El <strong>Conselh Generau d\u2019Aran<\/strong> ha firmado un convenio de colaboraci\u00f3n con los ayuntamientos de <strong>Arres, Bausen y Vilam\u00f3s<\/strong> para elaborar el <strong>documento \u00fanico de Protecci\u00f3n Civil Municipal (DUPROCIM)<\/strong>, con el objetivo de dar apoyo, asistencia y colaboraci\u00f3n a las funciones municipales de protecci\u00f3n civil en aquellos municipios con recursos limitados tanto t\u00e9cnicos como humanos.<\/p>\n<p><a href=\"http:\/\/www.conselharan.org\/wp-content\/uploads\/2017\/05\/Captura-de-pantalla-completa-12052017-143412.jpg\"><img loading=\"lazy\" decoding=\"async\" class=\"aligncenter size-large wp-image-17338\" src=\"http:\/\/www.conselharan.org\/wp-content\/uploads\/2017\/05\/Captura-de-pantalla-completa-12052017-143412-1024x770.jpg\" alt=\"Captura de pantalla completa 12052017 143412\" width=\"1024\" height=\"770\" srcset=\"https:\/\/www.conselharan.org\/wp-content\/uploads\/2017\/05\/Captura-de-pantalla-completa-12052017-143412-1024x770.jpg 1024w, https:\/\/www.conselharan.org\/wp-content\/uploads\/2017\/05\/Captura-de-pantalla-completa-12052017-143412-300x226.jpg 300w, https:\/\/www.conselharan.org\/wp-content\/uploads\/2017\/05\/Captura-de-pantalla-completa-12052017-143412-768x578.jpg 768w, https:\/\/www.conselharan.org\/wp-content\/uploads\/2017\/05\/Captura-de-pantalla-completa-12052017-143412.jpg 1171w\" sizes=\"(max-width: 1024px) 100vw, 1024px\" \/><\/a><\/p>\n<p>El Conselh Generau d\u2019Aran, de acuerdo con el art\u00edculo 85 de la Ley 1\/2015 de r\u00e9gimen especial de Aran, desarrolla el servicio de colaboraci\u00f3n y coordinaci\u00f3n para servir con eficiencia los intereses colectivos del Valle de Aran respetando las competencias respectivas.<\/p>\n<p>La elaboraci\u00f3n de los planes de protecci\u00f3n civil municipal de los ayuntamientos de Arres, Bausen y Vilam\u00f3s, da cumplimiento a la Ley 4\/97 de protecci\u00f3n civil de Catalunya.<\/p>\n<p>Se da el caso que estos tres municipios eran hasta el d\u00eda de hoy los que a\u00fan no dispon\u00edan de los correspondientes planes de protecci\u00f3n civil como el resto de municipios araneses.<\/p>\n<p>Para la confecci\u00f3n de los planes, los ayuntamientos facilitar\u00e1n los datos que sean necesarios y se elaborar\u00e1 la cartograf\u00eda b\u00e1sica correspondiente a los riesgos incluidos en el DUPROCIM para cada municipio.<\/p>\n ","protected":false},"excerpt":{"rendered":"<p>Vielha, 12 de mayo de 2017.- El Conselh Generau d\u2019Aran ha firmado un convenio de colaboraci\u00f3n con los ayuntamientos de Arres, Bausen y Vilam\u00f3s para elaborar el documento \u00fanico de Protecci\u00f3n Civil Municipal (DUPROCIM), con el objetivo de dar apoyo, asistencia y colaboraci\u00f3n a las funciones municipales de protecci\u00f3n civil en aquellos municipios con recursos&#8230;<\/p>\n","protected":false},"author":2,"featured_media":17338,"comment_status":"closed","ping_status":"closed","sticky":false,"template":"","format":"standard","meta":{"footnotes":""},"categories":[33],"tags":[],"_links":{"self":[{"href":"https:\/\/www.conselharan.org\/ca\/wp-json\/wp\/v2\/posts\/17340"}],"collection":[{"href":"https:\/\/www.conselharan.org\/ca\/wp-json\/wp\/v2\/posts"}],"about":[{"href":"https:\/\/www.conselharan.org\/ca\/wp-json\/wp\/v2\/types\/post"}],"author":[{"embeddable":true,"href":"https:\/\/www.conselharan.org\/ca\/wp-json\/wp\/v2\/users\/2"}],"replies":[{"embeddable":true,"href":"https:\/\/www.conselharan.org\/ca\/wp-json\/wp\/v2\/comments?post=17340"}],"version-history":[{"count":1,"href":"https:\/\/www.conselharan.org\/ca\/wp-json\/wp\/v2\/posts\/17340\/revisions"}],"predecessor-version":[{"id":17341,"href":"https:\/\/www.conselharan.org\/ca\/wp-json\/wp\/v2\/posts\/17340\/revisions\/17341"}],"wp:featuredmedia":[{"embeddable":true,"href":"https:\/\/www.conselharan.org\/ca\/wp-json\/wp\/v2\/media\/17338"}],"wp:attachment":[{"href":"https:\/\/www.conselharan.org\/ca\/wp-json\/wp\/v2\/media?parent=17340"}],"wp:term":[{"taxonomy":"category","embeddable":true,"href":"https:\/\/www.conselharan.org\/ca\/wp-json\/wp\/v2\/categories?post=17340"},{"taxonomy":"post_tag","embeddable":true,"href":"https:\/\/www.conselharan.org\/ca\/wp-json\/wp\/v2\/tags?post=17340"}],"curies":[{"name":"wp","href":"https:\/\/api.w.org\/{rel}","templated":true}]}}