{"id":17367,"date":"2017-05-16T19:13:08","date_gmt":"2017-05-16T17:13:08","guid":{"rendered":"http:\/\/www.conselharan.org\/ca\/?p=17367"},"modified":"2017-05-16T19:13:08","modified_gmt":"2017-05-16T17:13:08","slug":"museus-de-la-val-daran-presenta-una-programacio-especial-pel-dia-internacional-dels-museus","status":"publish","type":"post","link":"https:\/\/www.conselharan.org\/ca\/museus-de-la-val-daran-presenta-una-programacio-especial-pel-dia-internacional-dels-museus\/","title":{"rendered":"Museus de la Val d\u2019Aran presenta una programaci\u00f3 especial pel Dia Internacional dels Museus"},"content":{"rendered":"<p>Vielha, 17 de maig de 2017.- Un any m\u00e9s, el Museu de la Val d\u2019Aran se suma a la celebraci\u00f3 del Dia Internacional dels Museus. Es tracta d\u2019un esdeveniment consolidat d\u2019abast mundial, que se celebra el dia <strong>18 de maig<\/strong> i que enguany proposa com tema com\u00fa: Museus i hist\u00f2ries controvertides. Dir all\u00f2 que no pot dir-se en els museus. Relacionant-se amb aquesta tem\u00e0tica, en el Museu de la Val d\u2019Aran tindr\u00e0 lloc la sessi\u00f3 <strong>\u201cFoc en el temps de guerra\u201d<\/strong>, on es duran a terme accions que busquen aprofundir en els conflictes del nostre territori.<\/p>\n<p><a href=\"http:\/\/www.conselharan.org\/wp-content\/uploads\/2017\/05\/DIM_Cartell-programa-MdVA.jpg\"><img loading=\"lazy\" decoding=\"async\" class=\"aligncenter size-full wp-image-17362\" src=\"http:\/\/www.conselharan.org\/wp-content\/uploads\/2017\/05\/DIM_Cartell-programa-MdVA.jpg\" alt=\"DIM_Cartell programa MdVA\" width=\"720\" height=\"960\" srcset=\"https:\/\/www.conselharan.org\/wp-content\/uploads\/2017\/05\/DIM_Cartell-programa-MdVA.jpg 720w, https:\/\/www.conselharan.org\/wp-content\/uploads\/2017\/05\/DIM_Cartell-programa-MdVA-225x300.jpg 225w\" sizes=\"(max-width: 720px) 100vw, 720px\" \/><\/a><\/p>\n<p>A la tarda es presentaran les <strong>peces convidades<\/strong>. Es tracta d\u2019algunes bales i restes de bombes de fragmentaci\u00f3 que van servir en la desfeta de Castell Leon l\u2019any 1719 i, doncs, testimonis de la p\u00e8rdua de la fortificaci\u00f3 m\u00e9s important de la Val. Aquestes obres, amb un alt contingut simb\u00f2lic, no han estat mai exposades en el museu.<\/p>\n<p>La tarda del 18 a m\u00e9s culminar\u00e0 amb la <strong>confer\u00e8ncia de Josep Calvet<\/strong>, \u201cFugint dels nazis. La Vall d\u2019Aran i els refugiats de la Segona Guerra Mundial\u201d. Amb aquesta confer\u00e8ncia pret\u00e9n donar-se a con\u00e8ixer el paper destacat que va jugar la Val d\u2019Aran en aquest episodi hist\u00f2ric, fins ara pr\u00e0cticament desconegut, com pas de frontera i com terra d\u2019acollida. Una tem\u00e0tica que permet establir punts de contacte amb un fenomen actual: les migracions, \u00e8xodes i els despla\u00e7aments for\u00e7ats de la poblaci\u00f3.<\/p>\n<p>A m\u00e9s d\u2019aquesta tarda, amb motiu del Dia Internacional dels Museus podr\u00e0 gaudir-se d\u2019<strong>entrada gratu\u00efta del 18 fins al 21 de maig <\/strong>al Museu de la Vall d\u2019Aran i l&#8217;Ecomuseu \u00c7\u00f2 de Joanchiquet.<\/p>\n<p>&nbsp;<\/p>\n ","protected":false},"excerpt":{"rendered":"<p>Vielha, 17 de maig de 2017.- Un any m\u00e9s, el Museu de la Val d\u2019Aran se suma a la celebraci\u00f3 del Dia Internacional dels Museus. Es tracta d\u2019un esdeveniment consolidat d\u2019abast mundial, que se celebra el dia 18 de maig i que enguany proposa com tema com\u00fa: Museus i hist\u00f2ries controvertides. Dir all\u00f2 que no&#8230;<\/p>\n","protected":false},"author":2,"featured_media":17362,"comment_status":"closed","ping_status":"closed","sticky":false,"template":"","format":"standard","meta":{"footnotes":""},"categories":[33],"tags":[],"_links":{"self":[{"href":"https:\/\/www.conselharan.org\/ca\/wp-json\/wp\/v2\/posts\/17367"}],"collection":[{"href":"https:\/\/www.conselharan.org\/ca\/wp-json\/wp\/v2\/posts"}],"about":[{"href":"https:\/\/www.conselharan.org\/ca\/wp-json\/wp\/v2\/types\/post"}],"author":[{"embeddable":true,"href":"https:\/\/www.conselharan.org\/ca\/wp-json\/wp\/v2\/users\/2"}],"replies":[{"embeddable":true,"href":"https:\/\/www.conselharan.org\/ca\/wp-json\/wp\/v2\/comments?post=17367"}],"version-history":[{"count":1,"href":"https:\/\/www.conselharan.org\/ca\/wp-json\/wp\/v2\/posts\/17367\/revisions"}],"predecessor-version":[{"id":17368,"href":"https:\/\/www.conselharan.org\/ca\/wp-json\/wp\/v2\/posts\/17367\/revisions\/17368"}],"wp:featuredmedia":[{"embeddable":true,"href":"https:\/\/www.conselharan.org\/ca\/wp-json\/wp\/v2\/media\/17362"}],"wp:attachment":[{"href":"https:\/\/www.conselharan.org\/ca\/wp-json\/wp\/v2\/media?parent=17367"}],"wp:term":[{"taxonomy":"category","embeddable":true,"href":"https:\/\/www.conselharan.org\/ca\/wp-json\/wp\/v2\/categories?post=17367"},{"taxonomy":"post_tag","embeddable":true,"href":"https:\/\/www.conselharan.org\/ca\/wp-json\/wp\/v2\/tags?post=17367"}],"curies":[{"name":"wp","href":"https:\/\/api.w.org\/{rel}","templated":true}]}}