{"id":17383,"date":"2017-05-17T16:56:10","date_gmt":"2017-05-17T14:56:10","guid":{"rendered":"http:\/\/www.conselharan.org\/ca\/?p=17383"},"modified":"2017-05-17T16:56:10","modified_gmt":"2017-05-17T14:56:10","slug":"beltran-bascones-subcampio-en-categoria-katas-de-la-xvi-campionat-interautonomic-a-n-k-saragossa-2017","status":"publish","type":"post","link":"https:\/\/www.conselharan.org\/ca\/beltran-bascones-subcampio-en-categoria-katas-de-la-xvi-campionat-interautonomic-a-n-k-saragossa-2017\/","title":{"rendered":"Beltran Bascones subcampi\u00f3 en Categoria Katas de la XVI Campionat Interauton\u00f2mic A.N.K. Saragossa 2017"},"content":{"rendered":"<p>Vielha, 17 de maig de 2017.- El passat dissabte 13 de maig es va disputar a Saragossa la XVI edici\u00f3 del Campionat Interauton\u00f2mic A.N.K. (Associaci\u00f3 Nacional Kyokushinkai).<\/p>\n<p><a href=\"http:\/\/www.conselharan.org\/wp-content\/uploads\/2017\/05\/IMG-20170513-WA0002.jpg\"><img loading=\"lazy\" decoding=\"async\" class=\"aligncenter size-large wp-image-17378\" src=\"http:\/\/www.conselharan.org\/wp-content\/uploads\/2017\/05\/IMG-20170513-WA0002-768x1024.jpg\" alt=\"IMG-20170513-WA0002\" width=\"768\" height=\"1024\" srcset=\"https:\/\/www.conselharan.org\/wp-content\/uploads\/2017\/05\/IMG-20170513-WA0002.jpg 768w, https:\/\/www.conselharan.org\/wp-content\/uploads\/2017\/05\/IMG-20170513-WA0002-225x300.jpg 225w\" sizes=\"(max-width: 768px) 100vw, 768px\" \/><\/a><\/p>\n<p>El XVI Campionat Interauton\u00f2mic (Catalunya, Arag\u00f3, Rioja, Navarra), es va celebrar al Pavell\u00f3 Segle XXI de Saragossa, sent la prova final dels Jocs Escolars 2017 disputats el 24 de gener passat.<\/p>\n<p>El competidor aran\u00e8s <strong>Beltr\u00e1n Bascones<\/strong>, de Karate Aran, va aconseguir dos magn\u00edfics resultats classificant-se com Subcampi\u00f3 en Categoria Katas (Formes), i sent 3er en la categoria de Kumite (Combat).<\/p>\n<p><strong>Lu\u00eds Carlos Medina<\/strong>, vices\u00edndic d&#8217;Aran i conselh\u00e8r d&#8217;Esports, ha transm\u00e8s la felicitaci\u00f3 del Govern d&#8217;Aran a l&#8217;esportista i al club, animant-los a continuar treballant per aconseguir \u00e8xits esportius per a la Vall d&#8217;Aran.<\/p>\n ","protected":false},"excerpt":{"rendered":"<p>Vielha, 17 de maig de 2017.- El passat dissabte 13 de maig es va disputar a Saragossa la XVI edici\u00f3 del Campionat Interauton\u00f2mic A.N.K. (Associaci\u00f3 Nacional Kyokushinkai). El XVI Campionat Interauton\u00f2mic (Catalunya, Arag\u00f3, Rioja, Navarra), es va celebrar al Pavell\u00f3 Segle XXI de Saragossa, sent la prova final dels Jocs Escolars 2017 disputats el 24&#8230;<\/p>\n","protected":false},"author":2,"featured_media":17378,"comment_status":"closed","ping_status":"closed","sticky":false,"template":"","format":"standard","meta":{"footnotes":""},"categories":[136],"tags":[],"_links":{"self":[{"href":"https:\/\/www.conselharan.org\/ca\/wp-json\/wp\/v2\/posts\/17383"}],"collection":[{"href":"https:\/\/www.conselharan.org\/ca\/wp-json\/wp\/v2\/posts"}],"about":[{"href":"https:\/\/www.conselharan.org\/ca\/wp-json\/wp\/v2\/types\/post"}],"author":[{"embeddable":true,"href":"https:\/\/www.conselharan.org\/ca\/wp-json\/wp\/v2\/users\/2"}],"replies":[{"embeddable":true,"href":"https:\/\/www.conselharan.org\/ca\/wp-json\/wp\/v2\/comments?post=17383"}],"version-history":[{"count":1,"href":"https:\/\/www.conselharan.org\/ca\/wp-json\/wp\/v2\/posts\/17383\/revisions"}],"predecessor-version":[{"id":17384,"href":"https:\/\/www.conselharan.org\/ca\/wp-json\/wp\/v2\/posts\/17383\/revisions\/17384"}],"wp:featuredmedia":[{"embeddable":true,"href":"https:\/\/www.conselharan.org\/ca\/wp-json\/wp\/v2\/media\/17378"}],"wp:attachment":[{"href":"https:\/\/www.conselharan.org\/ca\/wp-json\/wp\/v2\/media?parent=17383"}],"wp:term":[{"taxonomy":"category","embeddable":true,"href":"https:\/\/www.conselharan.org\/ca\/wp-json\/wp\/v2\/categories?post=17383"},{"taxonomy":"post_tag","embeddable":true,"href":"https:\/\/www.conselharan.org\/ca\/wp-json\/wp\/v2\/tags?post=17383"}],"curies":[{"name":"wp","href":"https:\/\/api.w.org\/{rel}","templated":true}]}}