{"id":17394,"date":"2017-05-18T18:50:33","date_gmt":"2017-05-18T16:50:33","guid":{"rendered":"http:\/\/www.conselharan.org\/ca\/?p=17394"},"modified":"2017-05-18T18:50:33","modified_gmt":"2017-05-18T16:50:33","slug":"acte-de-reconeixement-als-esportistes-i-entitats-de-lalt-pirineu-i-aran-2016","status":"publish","type":"post","link":"https:\/\/www.conselharan.org\/ca\/acte-de-reconeixement-als-esportistes-i-entitats-de-lalt-pirineu-i-aran-2016\/","title":{"rendered":"Acte de reconeixement als esportistes i entitats de l\u2019Alt Pirineu i Aran 2016"},"content":{"rendered":"<p>Vielha, 17 de maig de 2017.- El secretari general de l\u2019Esport de la Generalitat de Catalunya, <strong>Gerard Figueras<\/strong>, acompanyat entre d\u2019altres del vicesindic d\u2019Aran i conselh\u00e8r d\u2019Esports, <strong>Lu\u00eds Carlos Medina<\/strong>, ha presidit a la Seu d\u2019Urgell, l\u2019acte de reconeixement als esportistes de l\u2019Alt Pirineu i la Val d\u2019Aran, que durant l\u2019any 2016 han destacat pels seus m\u00e8rits i esfor\u00e7os esportius.<\/p>\n<p><a href=\"http:\/\/www.conselharan.org\/wp-content\/uploads\/2017\/05\/18491408_1391235877627610_4774821434631814567_o.jpg\"><img loading=\"lazy\" decoding=\"async\" class=\"aligncenter size-large wp-image-17388\" src=\"http:\/\/www.conselharan.org\/wp-content\/uploads\/2017\/05\/18491408_1391235877627610_4774821434631814567_o-1024x900.jpg\" alt=\"18491408_1391235877627610_4774821434631814567_o\" width=\"1024\" height=\"900\" srcset=\"https:\/\/www.conselharan.org\/wp-content\/uploads\/2017\/05\/18491408_1391235877627610_4774821434631814567_o-1024x900.jpg 1024w, https:\/\/www.conselharan.org\/wp-content\/uploads\/2017\/05\/18491408_1391235877627610_4774821434631814567_o-300x264.jpg 300w, https:\/\/www.conselharan.org\/wp-content\/uploads\/2017\/05\/18491408_1391235877627610_4774821434631814567_o-768x675.jpg 768w, https:\/\/www.conselharan.org\/wp-content\/uploads\/2017\/05\/18491408_1391235877627610_4774821434631814567_o.jpg 1600w\" sizes=\"(max-width: 1024px) 100vw, 1024px\" \/><\/a><\/p>\n<p>En el cas dels esportistes aranesos, s\u2019ha reconegut a <strong>Miguel Caballero Ortega (Club Excursionista Aran); Lydia Iglesias Bares (ANEC); Marc Vidal Bardolet (ANEC); Roger Espinet (CAEI); Julia Bargall\u00f3 (CAEI), \u00c0lex Puente (CAEI); Lluc Montes (CEVA); Octavi Ar\u00eds (CAEI); Ana Ram\u00f3n Hinojosa (CEVA); Marta Moreno Ramos (CAEI); Mar\u00eda Iglesias Bares (ANEC); Andreu Perdices (Club Sant Pere i Sant Pau).<\/strong><\/p>\n<p>L\u2019acte, celebrat a la Sala Sant Dom\u00e8nec de la Seu d\u2019Urgell, ha distingit a 51 esportistes d\u2019alt nivell i a 2 clubs esportius pels seus m\u00e8rits durant l\u2019any 2016. Dels 53 reconeixements lliurats, 51 han estat a esportistes individuals, corresponents a 21 dones i 30 homes. Els reconeguts pertanyen a 20 clubs i entitats diferents, dels quals 17 amb seu a l\u2019Alt Pirineu i Aran, i s\u2019inclouen en 7 disciplines esportives o federacions diferents: activitats subaqu\u00e0tiques, basquetbol, excursionisme, esports d\u2019hivern, motociclisme, pirag\u00fcisme i voleibol.<\/p>\n<p>Durant l\u2019acte de reconeixement als esportistes, el vicesindic i conselh\u00e8r d\u2019esports d\u2019Aran , Lu\u00eds Carlos Medina, va expressar la satisfacci\u00f3 del Gov\u00e8rn d\u2019Aran per els \u00e8xits assolits pels esportistes aranesos aquesta temporada i va posar de manifest que el Conselh Generau d\u2019Aran continuar\u00e0 oferint tot els seu suport als esportistes aranesos perqu\u00e8 puguin continuar mantenint l\u2019alt nivell demostrat durant l\u2019any 2016.<\/p>\n<p><a href=\"http:\/\/www.conselharan.org\/wp-content\/uploads\/2017\/05\/18491641_1391235930960938_3368903308261285111_o.jpg\"><img loading=\"lazy\" decoding=\"async\" class=\"aligncenter size-large wp-image-17389\" src=\"http:\/\/www.conselharan.org\/wp-content\/uploads\/2017\/05\/18491641_1391235930960938_3368903308261285111_o-1024x682.jpg\" alt=\"18491641_1391235930960938_3368903308261285111_o\" width=\"1024\" height=\"682\" srcset=\"https:\/\/www.conselharan.org\/wp-content\/uploads\/2017\/05\/18491641_1391235930960938_3368903308261285111_o-1024x682.jpg 1024w, https:\/\/www.conselharan.org\/wp-content\/uploads\/2017\/05\/18491641_1391235930960938_3368903308261285111_o-300x200.jpg 300w, https:\/\/www.conselharan.org\/wp-content\/uploads\/2017\/05\/18491641_1391235930960938_3368903308261285111_o-768x512.jpg 768w, https:\/\/www.conselharan.org\/wp-content\/uploads\/2017\/05\/18491641_1391235930960938_3368903308261285111_o.jpg 2048w\" sizes=\"(max-width: 1024px) 100vw, 1024px\" \/><\/a><\/p>\n ","protected":false},"excerpt":{"rendered":"<p>Vielha, 17 de maig de 2017.- El secretari general de l\u2019Esport de la Generalitat de Catalunya, Gerard Figueras, acompanyat entre d\u2019altres del vicesindic d\u2019Aran i conselh\u00e8r d\u2019Esports, Lu\u00eds Carlos Medina, ha presidit a la Seu d\u2019Urgell, l\u2019acte de reconeixement als esportistes de l\u2019Alt Pirineu i la Val d\u2019Aran, que durant l\u2019any 2016 han destacat pels&#8230;<\/p>\n","protected":false},"author":2,"featured_media":17388,"comment_status":"closed","ping_status":"closed","sticky":false,"template":"","format":"standard","meta":{"footnotes":""},"categories":[33],"tags":[],"_links":{"self":[{"href":"https:\/\/www.conselharan.org\/ca\/wp-json\/wp\/v2\/posts\/17394"}],"collection":[{"href":"https:\/\/www.conselharan.org\/ca\/wp-json\/wp\/v2\/posts"}],"about":[{"href":"https:\/\/www.conselharan.org\/ca\/wp-json\/wp\/v2\/types\/post"}],"author":[{"embeddable":true,"href":"https:\/\/www.conselharan.org\/ca\/wp-json\/wp\/v2\/users\/2"}],"replies":[{"embeddable":true,"href":"https:\/\/www.conselharan.org\/ca\/wp-json\/wp\/v2\/comments?post=17394"}],"version-history":[{"count":1,"href":"https:\/\/www.conselharan.org\/ca\/wp-json\/wp\/v2\/posts\/17394\/revisions"}],"predecessor-version":[{"id":17395,"href":"https:\/\/www.conselharan.org\/ca\/wp-json\/wp\/v2\/posts\/17394\/revisions\/17395"}],"wp:featuredmedia":[{"embeddable":true,"href":"https:\/\/www.conselharan.org\/ca\/wp-json\/wp\/v2\/media\/17388"}],"wp:attachment":[{"href":"https:\/\/www.conselharan.org\/ca\/wp-json\/wp\/v2\/media?parent=17394"}],"wp:term":[{"taxonomy":"category","embeddable":true,"href":"https:\/\/www.conselharan.org\/ca\/wp-json\/wp\/v2\/categories?post=17394"},{"taxonomy":"post_tag","embeddable":true,"href":"https:\/\/www.conselharan.org\/ca\/wp-json\/wp\/v2\/tags?post=17394"}],"curies":[{"name":"wp","href":"https:\/\/api.w.org\/{rel}","templated":true}]}}