{"id":17445,"date":"2017-05-19T15:08:06","date_gmt":"2017-05-19T13:08:06","guid":{"rendered":"http:\/\/www.conselharan.org\/ca\/?p=17445"},"modified":"2017-05-19T15:08:06","modified_gmt":"2017-05-19T13:08:06","slug":"jornada-de-debat-al-conselh-generau-daran-sobre-lurbanisme-a-la-val-daran","status":"publish","type":"post","link":"https:\/\/www.conselharan.org\/ca\/jornada-de-debat-al-conselh-generau-daran-sobre-lurbanisme-a-la-val-daran\/","title":{"rendered":"Jornada de debat al Conselh Generau d\u2019Aran sobre l\u2019urbanisme a la Val d\u2019Aran"},"content":{"rendered":"<p>Vielha, 19 de maig de 2017.- Avui divendres ha tingut lloc al <strong>Conselh Generau d\u2019Aran<\/strong>, una jornada de debat sobre l\u2019urbanisme a la Val d\u2019Aran i els importants canvis que s\u2019han produ\u00eft els darrers anys en el marc legislatiu i normatiu en mat\u00e8ria d\u2019ordenaci\u00f3 del territori i urbanisme de la Val d\u2019Aran.<\/p>\n<p>A la jornada convocada pel sindic d\u2019Aran, <strong>Carlos Barrera<\/strong>, hi han participat els alcaldes de la Val d\u2019Aran aix\u00ed com personal dels serveis t\u00e8cnics i jur\u00eddics del Conselh Generau d\u2019Aran.<\/p>\n<p><a href=\"http:\/\/www.conselharan.org\/wp-content\/uploads\/2017\/05\/WhatsApp-Image-2017-05-19-at-10.28.45.jpeg\"><img loading=\"lazy\" decoding=\"async\" class=\"aligncenter size-large wp-image-17440\" src=\"http:\/\/www.conselharan.org\/wp-content\/uploads\/2017\/05\/WhatsApp-Image-2017-05-19-at-10.28.45-1024x768.jpeg\" alt=\"WhatsApp Image 2017-05-19 at 10.28.45\" width=\"1024\" height=\"768\" srcset=\"https:\/\/www.conselharan.org\/wp-content\/uploads\/2017\/05\/WhatsApp-Image-2017-05-19-at-10.28.45-1024x768.jpeg 1024w, https:\/\/www.conselharan.org\/wp-content\/uploads\/2017\/05\/WhatsApp-Image-2017-05-19-at-10.28.45-300x225.jpeg 300w, https:\/\/www.conselharan.org\/wp-content\/uploads\/2017\/05\/WhatsApp-Image-2017-05-19-at-10.28.45-768x576.jpeg 768w, https:\/\/www.conselharan.org\/wp-content\/uploads\/2017\/05\/WhatsApp-Image-2017-05-19-at-10.28.45.jpeg 1600w\" sizes=\"(max-width: 1024px) 100vw, 1024px\" \/><\/a><\/p>\n<p>La Llei del r\u00e8gim especial d\u2019Aran estableix les compet\u00e8ncies del Conselh Generau d\u2019Aran, per b\u00e9 que el seu exercici efectiu es veu condicionat al previ desplegament normatiu. Aquesta circumst\u00e0ncia s\u2019aplica, per exemple, a q\u00fcestions tan fonamentals com el reglament de la Comissi\u00f3 d\u2019Urbanisme de la Val d\u2019Aran i la possibilitat de prioritzar el pes del Conselh Generau en el s\u00ed d\u2019aquest \u00f2rgan, aix\u00ed com de preveure-hi la intervenci\u00f3 dels ajuntaments.<\/p>\n<p>Un dels aspectes tractats durant la jornada de debat, en quant al Pla Director Urban\u00edstic de la Val d\u2019Aran, ha estat que cal tenir en compte que per al desenvolupament de les seves determinacions i potencialitats, es fa necessari adoptar diferents mesures com:<\/p>\n<p>L\u2019 adaptaci\u00f3 de les Normes Subsidi\u00e0ries a les determinacions del Pla Director Urban\u00edstic de la Val d\u2019Aran (PDUVA) i a la legislaci\u00f3 urban\u00edstica; la redacci\u00f3 del Pla Especial Urban\u00edstic (PEU) de la Garona; o la resoluci\u00f3 de les incoacions dels nuclis urbans com a BCIN, ja que aquest conjunt d\u2019instruments permetria posar al dia aspectes tan importants com la regulaci\u00f3 de les edificacions i els usos, la incorporaci\u00f3 de criteris i par\u00e0metres d\u2019inundabilitat, accessibilitat, intervenci\u00f3 de Pompi\u00e8rs i Protecci\u00f3 Civil, sostenibilitat i entorns de protecci\u00f3 patrimonial.<\/p>\n<p>Val la pena recordar que enguany es compleix el <strong>35\u00e9 aniversari de l\u2019aprovaci\u00f3 de les Normes Subsidi\u00e0ries i Complement\u00e0ries de Planejament de la Val d\u2019Aran<\/strong>, figura cabdal en la preservaci\u00f3 i el desenvolupament del conjunt del territori aran\u00e8s. Un dels objectius de la jornada de debat, \u00e9s precisament aprofitar per aprofundir en la possibilitat d\u2019an\u00e0lisi i la seva adaptaci\u00f3 al marc normatiu vigent.<\/p>\n<p>En l\u2019actualitat es troben en proc\u00e9s de desenvolupament la Modificaci\u00f3 de les Normes Subsidi\u00e0ries relatives a les bordes i cabanes, una proposta formulada coordinadament pel Conselh Generau d\u2019Aran amb el conjunt d\u2019Ajuntaments de la Val d\u2019Aran, i el Pla Especial Urban\u00edstic de la Garona, en per\u00edode de redacci\u00f3.<\/p>\n<p>&nbsp;<\/p>\n ","protected":false},"excerpt":{"rendered":"<p>Vielha, 19 de maig de 2017.- Avui divendres ha tingut lloc al Conselh Generau d\u2019Aran, una jornada de debat sobre l\u2019urbanisme a la Val d\u2019Aran i els importants canvis que s\u2019han produ\u00eft els darrers anys en el marc legislatiu i normatiu en mat\u00e8ria d\u2019ordenaci\u00f3 del territori i urbanisme de la Val d\u2019Aran. A la jornada&#8230;<\/p>\n","protected":false},"author":2,"featured_media":17440,"comment_status":"closed","ping_status":"closed","sticky":false,"template":"","format":"standard","meta":{"footnotes":""},"categories":[53,36],"tags":[],"_links":{"self":[{"href":"https:\/\/www.conselharan.org\/ca\/wp-json\/wp\/v2\/posts\/17445"}],"collection":[{"href":"https:\/\/www.conselharan.org\/ca\/wp-json\/wp\/v2\/posts"}],"about":[{"href":"https:\/\/www.conselharan.org\/ca\/wp-json\/wp\/v2\/types\/post"}],"author":[{"embeddable":true,"href":"https:\/\/www.conselharan.org\/ca\/wp-json\/wp\/v2\/users\/2"}],"replies":[{"embeddable":true,"href":"https:\/\/www.conselharan.org\/ca\/wp-json\/wp\/v2\/comments?post=17445"}],"version-history":[{"count":1,"href":"https:\/\/www.conselharan.org\/ca\/wp-json\/wp\/v2\/posts\/17445\/revisions"}],"predecessor-version":[{"id":17446,"href":"https:\/\/www.conselharan.org\/ca\/wp-json\/wp\/v2\/posts\/17445\/revisions\/17446"}],"wp:featuredmedia":[{"embeddable":true,"href":"https:\/\/www.conselharan.org\/ca\/wp-json\/wp\/v2\/media\/17440"}],"wp:attachment":[{"href":"https:\/\/www.conselharan.org\/ca\/wp-json\/wp\/v2\/media?parent=17445"}],"wp:term":[{"taxonomy":"category","embeddable":true,"href":"https:\/\/www.conselharan.org\/ca\/wp-json\/wp\/v2\/categories?post=17445"},{"taxonomy":"post_tag","embeddable":true,"href":"https:\/\/www.conselharan.org\/ca\/wp-json\/wp\/v2\/tags?post=17445"}],"curies":[{"name":"wp","href":"https:\/\/api.w.org\/{rel}","templated":true}]}}