{"id":17564,"date":"2017-06-01T17:14:12","date_gmt":"2017-06-01T15:14:12","guid":{"rendered":"http:\/\/www.conselharan.org\/ca\/?p=17564"},"modified":"2017-06-01T17:14:12","modified_gmt":"2017-06-01T15:14:12","slug":"jornada-de-col%c2%b7laboracio-dels-pompiers-daran-i-pompiers-de-lhaute-garonne","status":"publish","type":"post","link":"https:\/\/www.conselharan.org\/ca\/jornada-de-col%c2%b7laboracio-dels-pompiers-daran-i-pompiers-de-lhaute-garonne\/","title":{"rendered":"Jornada de col\u00b7laboraci\u00f3 dels Pompi\u00e8rs d\u2019Aran i Pompi\u00e8rs de l\u2019Haute Garonne"},"content":{"rendered":"<p>&nbsp;<\/p>\n<p>Vielha, 1 de juny de 2017.- Aquesta setmana els Pompi\u00e8rs d\u2019Aran en col\u00b7laboraci\u00f3 amb els Pompi\u00e8rs del Groupement Sud de l\u2019Haute Garonne, han realitzat una jornada d\u2019intercanvi de coneixements al parc de Cierp-Gaud.<\/p>\n<p><a href=\"http:\/\/www.conselharan.org\/wp-content\/uploads\/2017\/06\/WhatsApp-Image-2017-05-31-at-21.49.181.jpeg\"><img loading=\"lazy\" decoding=\"async\" class=\"aligncenter size-large wp-image-17558\" src=\"http:\/\/www.conselharan.org\/wp-content\/uploads\/2017\/06\/WhatsApp-Image-2017-05-31-at-21.49.181-1024x768.jpeg\" alt=\"WhatsApp Image 2017-05-31 at 21.49.18(1)\" width=\"1024\" height=\"768\" srcset=\"https:\/\/www.conselharan.org\/wp-content\/uploads\/2017\/06\/WhatsApp-Image-2017-05-31-at-21.49.181-1024x768.jpeg 1024w, https:\/\/www.conselharan.org\/wp-content\/uploads\/2017\/06\/WhatsApp-Image-2017-05-31-at-21.49.181-300x225.jpeg 300w, https:\/\/www.conselharan.org\/wp-content\/uploads\/2017\/06\/WhatsApp-Image-2017-05-31-at-21.49.181-768x576.jpeg 768w, https:\/\/www.conselharan.org\/wp-content\/uploads\/2017\/06\/WhatsApp-Image-2017-05-31-at-21.49.181.jpeg 1600w\" sizes=\"(max-width: 1024px) 100vw, 1024px\" \/><\/a><\/p>\n<p>La jornada s\u2019inclou dins la col\u00b7laboraci\u00f3 hist\u00f2rica entre els Pompi\u00e8rs de la Val d\u2019Aran i els Pompi\u00e8rs del sud de Fran\u00e7a que es mant\u00e9 amb aquesta activitat en la que els Pompi\u00e8rs d\u2019Aran van participar amb el vehicle que es despla\u00e7a des de l\u2019Aran quan s\u2019ha d\u2019atendre alguna actuaci\u00f3 conjunta d\u2019emerg\u00e8ncies en territori franc\u00e8s.<\/p>\n<p>La jornada va acabar amb la visita al nou t\u00fanel de St. Beat que es previst que entri en funcionament a final d\u2019aquest any 2017. Cal recordar que el passat 30 de mar\u00e7 una delegaci\u00f3 dels Pompiers del Groupement Sud de l\u2019Haute Garonne, encap\u00e7alada pel Tinent Coronel Sylvaine Gergaud acompanyat dels responsables dels Parcs de Pompiers m\u00e9s propers a la Val d\u2019Aran, van realitzar una visita a les instal\u00b7lacions del T\u00fanel de Vielha, gestionat per el Ministerio de Fomento, per con\u00e8ixer de primera m\u00e0 el sistema operatiu d\u2019emerg\u00e8ncies del t\u00fanel.<\/p>\n<p><a href=\"http:\/\/www.conselharan.org\/wp-content\/uploads\/2017\/06\/WhatsApp-Image-2017-05-31-at-21.49.18.jpeg\"><img loading=\"lazy\" decoding=\"async\" class=\"aligncenter size-large wp-image-17559\" src=\"http:\/\/www.conselharan.org\/wp-content\/uploads\/2017\/06\/WhatsApp-Image-2017-05-31-at-21.49.18-1024x768.jpeg\" alt=\"WhatsApp Image 2017-05-31 at 21.49.18\" width=\"1024\" height=\"768\" srcset=\"https:\/\/www.conselharan.org\/wp-content\/uploads\/2017\/06\/WhatsApp-Image-2017-05-31-at-21.49.18-1024x768.jpeg 1024w, https:\/\/www.conselharan.org\/wp-content\/uploads\/2017\/06\/WhatsApp-Image-2017-05-31-at-21.49.18-300x225.jpeg 300w, https:\/\/www.conselharan.org\/wp-content\/uploads\/2017\/06\/WhatsApp-Image-2017-05-31-at-21.49.18-768x576.jpeg 768w, https:\/\/www.conselharan.org\/wp-content\/uploads\/2017\/06\/WhatsApp-Image-2017-05-31-at-21.49.18.jpeg 1600w\" sizes=\"(max-width: 1024px) 100vw, 1024px\" \/><\/a> <a href=\"http:\/\/www.conselharan.org\/wp-content\/uploads\/2017\/06\/WhatsApp-Image-2017-05-31-at-21.49.11.jpeg\"><img loading=\"lazy\" decoding=\"async\" class=\"aligncenter size-large wp-image-17556\" src=\"http:\/\/www.conselharan.org\/wp-content\/uploads\/2017\/06\/WhatsApp-Image-2017-05-31-at-21.49.11-1024x576.jpeg\" alt=\"WhatsApp Image 2017-05-31 at 21.49.11\" width=\"1024\" height=\"576\" srcset=\"https:\/\/www.conselharan.org\/wp-content\/uploads\/2017\/06\/WhatsApp-Image-2017-05-31-at-21.49.11-1024x576.jpeg 1024w, https:\/\/www.conselharan.org\/wp-content\/uploads\/2017\/06\/WhatsApp-Image-2017-05-31-at-21.49.11-300x169.jpeg 300w, https:\/\/www.conselharan.org\/wp-content\/uploads\/2017\/06\/WhatsApp-Image-2017-05-31-at-21.49.11-768x432.jpeg 768w, https:\/\/www.conselharan.org\/wp-content\/uploads\/2017\/06\/WhatsApp-Image-2017-05-31-at-21.49.11.jpeg 1328w\" sizes=\"(max-width: 1024px) 100vw, 1024px\" \/><\/a> <a href=\"http:\/\/www.conselharan.org\/wp-content\/uploads\/2017\/06\/WhatsApp-Image-2017-05-31-at-21.49.16.jpeg\"><img loading=\"lazy\" decoding=\"async\" class=\"aligncenter size-large wp-image-17557\" src=\"http:\/\/www.conselharan.org\/wp-content\/uploads\/2017\/06\/WhatsApp-Image-2017-05-31-at-21.49.16-768x1024.jpeg\" alt=\"WhatsApp Image 2017-05-31 at 21.49.16\" width=\"768\" height=\"1024\" srcset=\"https:\/\/www.conselharan.org\/wp-content\/uploads\/2017\/06\/WhatsApp-Image-2017-05-31-at-21.49.16-768x1024.jpeg 768w, https:\/\/www.conselharan.org\/wp-content\/uploads\/2017\/06\/WhatsApp-Image-2017-05-31-at-21.49.16-225x300.jpeg 225w, https:\/\/www.conselharan.org\/wp-content\/uploads\/2017\/06\/WhatsApp-Image-2017-05-31-at-21.49.16.jpeg 1200w\" sizes=\"(max-width: 768px) 100vw, 768px\" \/><\/a><\/p>\n<p>&nbsp;<\/p>\n ","protected":false},"excerpt":{"rendered":"<p>&nbsp; Vielha, 1 de juny de 2017.- Aquesta setmana els Pompi\u00e8rs d\u2019Aran en col\u00b7laboraci\u00f3 amb els Pompi\u00e8rs del Groupement Sud de l\u2019Haute Garonne, han realitzat una jornada d\u2019intercanvi de coneixements al parc de Cierp-Gaud. La jornada s\u2019inclou dins la col\u00b7laboraci\u00f3 hist\u00f2rica entre els Pompi\u00e8rs de la Val d\u2019Aran i els Pompi\u00e8rs del sud de Fran\u00e7a&#8230;<\/p>\n","protected":false},"author":2,"featured_media":17558,"comment_status":"closed","ping_status":"closed","sticky":false,"template":"","format":"standard","meta":{"footnotes":""},"categories":[33],"tags":[],"_links":{"self":[{"href":"https:\/\/www.conselharan.org\/ca\/wp-json\/wp\/v2\/posts\/17564"}],"collection":[{"href":"https:\/\/www.conselharan.org\/ca\/wp-json\/wp\/v2\/posts"}],"about":[{"href":"https:\/\/www.conselharan.org\/ca\/wp-json\/wp\/v2\/types\/post"}],"author":[{"embeddable":true,"href":"https:\/\/www.conselharan.org\/ca\/wp-json\/wp\/v2\/users\/2"}],"replies":[{"embeddable":true,"href":"https:\/\/www.conselharan.org\/ca\/wp-json\/wp\/v2\/comments?post=17564"}],"version-history":[{"count":1,"href":"https:\/\/www.conselharan.org\/ca\/wp-json\/wp\/v2\/posts\/17564\/revisions"}],"predecessor-version":[{"id":17565,"href":"https:\/\/www.conselharan.org\/ca\/wp-json\/wp\/v2\/posts\/17564\/revisions\/17565"}],"wp:featuredmedia":[{"embeddable":true,"href":"https:\/\/www.conselharan.org\/ca\/wp-json\/wp\/v2\/media\/17558"}],"wp:attachment":[{"href":"https:\/\/www.conselharan.org\/ca\/wp-json\/wp\/v2\/media?parent=17564"}],"wp:term":[{"taxonomy":"category","embeddable":true,"href":"https:\/\/www.conselharan.org\/ca\/wp-json\/wp\/v2\/categories?post=17564"},{"taxonomy":"post_tag","embeddable":true,"href":"https:\/\/www.conselharan.org\/ca\/wp-json\/wp\/v2\/tags?post=17564"}],"curies":[{"name":"wp","href":"https:\/\/api.w.org\/{rel}","templated":true}]}}