{"id":17581,"date":"2017-06-01T18:12:11","date_gmt":"2017-06-01T16:12:11","guid":{"rendered":"http:\/\/www.conselharan.org\/ca\/?p=17581"},"modified":"2017-06-08T10:16:20","modified_gmt":"2017-06-08T08:16:20","slug":"el-conselh-generau-daran-i-la-societat-de-caca-i-pesca-realitzen-el-cens-de-perdiu-xerra-a-la-val-daran","status":"publish","type":"post","link":"https:\/\/www.conselharan.org\/ca\/el-conselh-generau-daran-i-la-societat-de-caca-i-pesca-realitzen-el-cens-de-perdiu-xerra-a-la-val-daran\/","title":{"rendered":"El Conselh Generau d&#8217;Aran i la Societat de Ca\u00e7a i Pesca realitzen el cens de perdiu xerra a la Val d&#8217;Aran"},"content":{"rendered":"<p>Vielha, 2 de juny de 2017.- Com cada any, el Conselh Generau d&#8217;Aran, a trav\u00e9s dels agents de Medi Ambient, amb la col\u00b7laboraci\u00f3 de la Societat de Ca\u00e7a i Pesca de la Val d&#8217;Aran, ha elaborat els censos de primavera, que es realitzen amb reclam, per con\u00e8ixer el nombre aproximat de parelles de perdiu xerra que hi ha a les diferents zones de la Val d&#8217;Aran.<\/p>\n<p>Tant els agents de medi ambient del Conselh Generau com els representants de la Societat de Ca\u00e7a i Pesca, creuen que les perspectives s\u00f3n molt interessants, vist el nombre de parelles que s&#8217;han pogut albirar. El que ens fa constatar la bona salut que t\u00e9 aquesta esp\u00e8cie a les muntanyes araneses.<a href=\"http:\/\/www.conselharan.org\/wp-content\/uploads\/2017\/06\/IMG-20170507-WA0008-1080x675.jpg\"><br \/>\n<\/a> <a href=\"http:\/\/www.conselharan.org\/wp-content\/uploads\/2017\/06\/IMG-20170507-WA0020.jpg\"><img loading=\"lazy\" decoding=\"async\" class=\"aligncenter size-large wp-image-17577\" src=\"http:\/\/www.conselharan.org\/wp-content\/uploads\/2017\/06\/IMG-20170507-WA0020-1024x575.jpg\" alt=\"IMG-20170507-WA0020\" width=\"1024\" height=\"575\" srcset=\"https:\/\/www.conselharan.org\/wp-content\/uploads\/2017\/06\/IMG-20170507-WA0020-1024x575.jpg 1024w, https:\/\/www.conselharan.org\/wp-content\/uploads\/2017\/06\/IMG-20170507-WA0020-300x169.jpg 300w, https:\/\/www.conselharan.org\/wp-content\/uploads\/2017\/06\/IMG-20170507-WA0020-768x432.jpg 768w, https:\/\/www.conselharan.org\/wp-content\/uploads\/2017\/06\/IMG-20170507-WA0020.jpg 1600w\" sizes=\"(max-width: 1024px) 100vw, 1024px\" \/><\/a><\/p>\n ","protected":false},"excerpt":{"rendered":"<p>Vielha, 2 de juny de 2017.- Com cada any, el Conselh Generau d&#8217;Aran, a trav\u00e9s dels agents de Medi Ambient, amb la col\u00b7laboraci\u00f3 de la Societat de Ca\u00e7a i Pesca de la Val d&#8217;Aran, ha elaborat els censos de primavera, que es realitzen amb reclam, per con\u00e8ixer el nombre aproximat de parelles de perdiu xerra&#8230;<\/p>\n","protected":false},"author":2,"featured_media":17577,"comment_status":"closed","ping_status":"closed","sticky":false,"template":"","format":"standard","meta":{"footnotes":""},"categories":[127,33],"tags":[],"_links":{"self":[{"href":"https:\/\/www.conselharan.org\/ca\/wp-json\/wp\/v2\/posts\/17581"}],"collection":[{"href":"https:\/\/www.conselharan.org\/ca\/wp-json\/wp\/v2\/posts"}],"about":[{"href":"https:\/\/www.conselharan.org\/ca\/wp-json\/wp\/v2\/types\/post"}],"author":[{"embeddable":true,"href":"https:\/\/www.conselharan.org\/ca\/wp-json\/wp\/v2\/users\/2"}],"replies":[{"embeddable":true,"href":"https:\/\/www.conselharan.org\/ca\/wp-json\/wp\/v2\/comments?post=17581"}],"version-history":[{"count":2,"href":"https:\/\/www.conselharan.org\/ca\/wp-json\/wp\/v2\/posts\/17581\/revisions"}],"predecessor-version":[{"id":17653,"href":"https:\/\/www.conselharan.org\/ca\/wp-json\/wp\/v2\/posts\/17581\/revisions\/17653"}],"wp:featuredmedia":[{"embeddable":true,"href":"https:\/\/www.conselharan.org\/ca\/wp-json\/wp\/v2\/media\/17577"}],"wp:attachment":[{"href":"https:\/\/www.conselharan.org\/ca\/wp-json\/wp\/v2\/media?parent=17581"}],"wp:term":[{"taxonomy":"category","embeddable":true,"href":"https:\/\/www.conselharan.org\/ca\/wp-json\/wp\/v2\/categories?post=17581"},{"taxonomy":"post_tag","embeddable":true,"href":"https:\/\/www.conselharan.org\/ca\/wp-json\/wp\/v2\/tags?post=17581"}],"curies":[{"name":"wp","href":"https:\/\/api.w.org\/{rel}","templated":true}]}}