{"id":17608,"date":"2017-06-06T13:51:09","date_gmt":"2017-06-06T11:51:09","guid":{"rendered":"http:\/\/www.conselharan.org\/ca\/?p=17608"},"modified":"2017-06-09T10:16:18","modified_gmt":"2017-06-09T08:16:18","slug":"nova-capsula-formativa-del-cei-val-daran","status":"publish","type":"post","link":"https:\/\/www.conselharan.org\/ca\/nova-capsula-formativa-del-cei-val-daran\/","title":{"rendered":"Nova c\u00e0psula formativa del CEI Val d&#8217;Aran"},"content":{"rendered":"<p>Vielha, 6 de juny de 2017.- El proper dijous, el CEI Val d&#8217;Aran proposa una nova c\u00e0psula formativa sota el t\u00edtol de: <strong>&#8220;Els 10 factors clau en l&#8217;inici d&#8217;un projecte d&#8217;auto ocupaci\u00f3&#8221;<\/strong>, que impartir\u00e0 <strong>Ana Campos Tom\u00e0s<\/strong>, organitzada juntament amb GlobaLleida i amb el patrocini de la Diputaci\u00f3 de Lleida.<\/p>\n<p>La c\u00e0psula tindr\u00e0 lloc el proper dijous <strong>8 de juny<\/strong>, al CEI Val d&#8217;Aran, Pla\u00e7a naua 1 de Casau, de <strong>10:00 a 14: 00h<\/strong>. Les inscripcions per a tot aquell que estigui interessat es poden formalitzar a www.ceivaldaran.org o al telf. 973 64 18 01.<\/p>\n<p>Les c\u00e0psules del CEI Val d&#8217;Aran s\u00f3n gratu\u00eftes i s&#8217;adrecen a totes les persones o empreses interessades a ampliar la seva formaci\u00f3.<\/p>\n<p><a href=\"http:\/\/www.conselharan.org\/wp-content\/uploads\/2017\/06\/office-620822_640.jpg\"><img loading=\"lazy\" decoding=\"async\" class=\"aligncenter size-full wp-image-17604\" src=\"http:\/\/www.conselharan.org\/wp-content\/uploads\/2017\/06\/office-620822_640.jpg\" alt=\"office-620822_640\" width=\"640\" height=\"425\" srcset=\"https:\/\/www.conselharan.org\/wp-content\/uploads\/2017\/06\/office-620822_640.jpg 640w, https:\/\/www.conselharan.org\/wp-content\/uploads\/2017\/06\/office-620822_640-300x199.jpg 300w\" sizes=\"(max-width: 640px) 100vw, 640px\" \/><\/a><\/p>\n ","protected":false},"excerpt":{"rendered":"<p>Vielha, 6 de juny de 2017.- El proper dijous, el CEI Val d&#8217;Aran proposa una nova c\u00e0psula formativa sota el t\u00edtol de: &#8220;Els 10 factors clau en l&#8217;inici d&#8217;un projecte d&#8217;auto ocupaci\u00f3&#8221;, que impartir\u00e0 Ana Campos Tom\u00e0s, organitzada juntament amb GlobaLleida i amb el patrocini de la Diputaci\u00f3 de Lleida. La c\u00e0psula tindr\u00e0 lloc el&#8230;<\/p>\n","protected":false},"author":2,"featured_media":17604,"comment_status":"closed","ping_status":"closed","sticky":false,"template":"","format":"standard","meta":{"footnotes":""},"categories":[33],"tags":[],"_links":{"self":[{"href":"https:\/\/www.conselharan.org\/ca\/wp-json\/wp\/v2\/posts\/17608"}],"collection":[{"href":"https:\/\/www.conselharan.org\/ca\/wp-json\/wp\/v2\/posts"}],"about":[{"href":"https:\/\/www.conselharan.org\/ca\/wp-json\/wp\/v2\/types\/post"}],"author":[{"embeddable":true,"href":"https:\/\/www.conselharan.org\/ca\/wp-json\/wp\/v2\/users\/2"}],"replies":[{"embeddable":true,"href":"https:\/\/www.conselharan.org\/ca\/wp-json\/wp\/v2\/comments?post=17608"}],"version-history":[{"count":2,"href":"https:\/\/www.conselharan.org\/ca\/wp-json\/wp\/v2\/posts\/17608\/revisions"}],"predecessor-version":[{"id":17683,"href":"https:\/\/www.conselharan.org\/ca\/wp-json\/wp\/v2\/posts\/17608\/revisions\/17683"}],"wp:featuredmedia":[{"embeddable":true,"href":"https:\/\/www.conselharan.org\/ca\/wp-json\/wp\/v2\/media\/17604"}],"wp:attachment":[{"href":"https:\/\/www.conselharan.org\/ca\/wp-json\/wp\/v2\/media?parent=17608"}],"wp:term":[{"taxonomy":"category","embeddable":true,"href":"https:\/\/www.conselharan.org\/ca\/wp-json\/wp\/v2\/categories?post=17608"},{"taxonomy":"post_tag","embeddable":true,"href":"https:\/\/www.conselharan.org\/ca\/wp-json\/wp\/v2\/tags?post=17608"}],"curies":[{"name":"wp","href":"https:\/\/api.w.org\/{rel}","templated":true}]}}