{"id":17617,"date":"2017-06-06T17:45:19","date_gmt":"2017-06-06T15:45:19","guid":{"rendered":"http:\/\/www.conselharan.org\/ca\/?p=17617"},"modified":"2017-06-06T17:45:19","modified_gmt":"2017-06-06T15:45:19","slug":"els-equips-u21-i-u18-del-cetei-conclouen-les-concentracions-de-preparacio-fisica","status":"publish","type":"post","link":"https:\/\/www.conselharan.org\/ca\/els-equips-u21-i-u18-del-cetei-conclouen-les-concentracions-de-preparacio-fisica\/","title":{"rendered":"Els equips U21 i U18 del CETEI conclouen les concentracions de preparaci\u00f3 f\u00edsica"},"content":{"rendered":"<p>Vielha, 6 de juny de 2017.- El cap de setmana passat van concloure les tres concentracions de preparaci\u00f3 f\u00edsica dels equips U21 i U18 del <strong>Centre de Tecnificaci\u00f3 d&#8217;Esports d&#8217;Hivern de la Val d&#8217;Aran<\/strong> que s&#8217;han dut a terme entre els mesos de maig i juny.<\/p>\n<p><a href=\"http:\/\/www.conselharan.org\/wp-content\/uploads\/2017\/06\/1.jpg\"><img loading=\"lazy\" decoding=\"async\" class=\"aligncenter size-full wp-image-17612\" src=\"http:\/\/www.conselharan.org\/wp-content\/uploads\/2017\/06\/1.jpg\" alt=\"1\" width=\"977\" height=\"733\" srcset=\"https:\/\/www.conselharan.org\/wp-content\/uploads\/2017\/06\/1.jpg 977w, https:\/\/www.conselharan.org\/wp-content\/uploads\/2017\/06\/1-300x225.jpg 300w, https:\/\/www.conselharan.org\/wp-content\/uploads\/2017\/06\/1-768x576.jpg 768w\" sizes=\"(max-width: 977px) 100vw, 977px\" \/><\/a><\/p>\n<p>Els esportistes del CETEI, van realitzar els Test inicials, a m\u00e9s de sessions de condicionament f\u00edsic general i treball sobre les bases dels moviments d&#8217;Halterof\u00edlia amb els seus entrenadors.<\/p>\n<p>Les sessions de preparaci\u00f3 s&#8217;han realitzat a les instal\u00b7lacions del Palai de Geu i CrossFit Val d&#8217;Aran. La propera concentraci\u00f3 ser\u00e0 al CAR de Sierra Nevada per poder aprofitar les condicions d&#8217;entrenament en al\u00e7ada.<\/p>\n ","protected":false},"excerpt":{"rendered":"<p>Vielha, 6 de juny de 2017.- El cap de setmana passat van concloure les tres concentracions de preparaci\u00f3 f\u00edsica dels equips U21 i U18 del Centre de Tecnificaci\u00f3 d&#8217;Esports d&#8217;Hivern de la Val d&#8217;Aran que s&#8217;han dut a terme entre els mesos de maig i juny. Els esportistes del CETEI, van realitzar els Test inicials,&#8230;<\/p>\n","protected":false},"author":2,"featured_media":17612,"comment_status":"closed","ping_status":"closed","sticky":false,"template":"","format":"standard","meta":{"footnotes":""},"categories":[136],"tags":[],"_links":{"self":[{"href":"https:\/\/www.conselharan.org\/ca\/wp-json\/wp\/v2\/posts\/17617"}],"collection":[{"href":"https:\/\/www.conselharan.org\/ca\/wp-json\/wp\/v2\/posts"}],"about":[{"href":"https:\/\/www.conselharan.org\/ca\/wp-json\/wp\/v2\/types\/post"}],"author":[{"embeddable":true,"href":"https:\/\/www.conselharan.org\/ca\/wp-json\/wp\/v2\/users\/2"}],"replies":[{"embeddable":true,"href":"https:\/\/www.conselharan.org\/ca\/wp-json\/wp\/v2\/comments?post=17617"}],"version-history":[{"count":1,"href":"https:\/\/www.conselharan.org\/ca\/wp-json\/wp\/v2\/posts\/17617\/revisions"}],"predecessor-version":[{"id":17618,"href":"https:\/\/www.conselharan.org\/ca\/wp-json\/wp\/v2\/posts\/17617\/revisions\/17618"}],"wp:featuredmedia":[{"embeddable":true,"href":"https:\/\/www.conselharan.org\/ca\/wp-json\/wp\/v2\/media\/17612"}],"wp:attachment":[{"href":"https:\/\/www.conselharan.org\/ca\/wp-json\/wp\/v2\/media?parent=17617"}],"wp:term":[{"taxonomy":"category","embeddable":true,"href":"https:\/\/www.conselharan.org\/ca\/wp-json\/wp\/v2\/categories?post=17617"},{"taxonomy":"post_tag","embeddable":true,"href":"https:\/\/www.conselharan.org\/ca\/wp-json\/wp\/v2\/tags?post=17617"}],"curies":[{"name":"wp","href":"https:\/\/api.w.org\/{rel}","templated":true}]}}