{"id":17639,"date":"2017-06-07T14:11:43","date_gmt":"2017-06-07T12:11:43","guid":{"rendered":"http:\/\/www.conselharan.org\/ca\/?p=17639"},"modified":"2017-06-07T14:11:43","modified_gmt":"2017-06-07T12:11:43","slug":"visita-del-relais-dentreprises-al-cei-val-daran","status":"publish","type":"post","link":"https:\/\/www.conselharan.org\/ca\/visita-del-relais-dentreprises-al-cei-val-daran\/","title":{"rendered":"Visita del Relais d\u2019Entreprises al CEI Val d\u2019Aran"},"content":{"rendered":"<p>Vielha, 7 de juny de 2017.- Avui dimecres una delegaci\u00f3 de <strong>Relais d<\/strong><strong>\u2019<\/strong><strong>Entrteprises<\/strong> i de responsables del Conseil D\u00e9partemental Haute Garonne ha efectuat una visita al <strong>CEI Val d<\/strong><strong>\u2019<\/strong><strong>Aran<\/strong> de Casau.<\/p>\n<p>El motiu de la visita ha estat per con\u00e8ixer de primera m\u00e0 el funcionament del Centre d\u2019Empreses Innovadores de la Val d\u2019Aran, amb l\u2019objectiu d\u2019obrir en un futur un centre\u00a0 similar a Luchon.<\/p>\n<p><a href=\"http:\/\/www.conselharan.org\/wp-content\/uploads\/2017\/06\/1-1.jpg\"><img loading=\"lazy\" decoding=\"async\" class=\"aligncenter size-large wp-image-17632\" src=\"http:\/\/www.conselharan.org\/wp-content\/uploads\/2017\/06\/1-1-1024x768.jpg\" alt=\"1\" width=\"1024\" height=\"768\" srcset=\"https:\/\/www.conselharan.org\/wp-content\/uploads\/2017\/06\/1-1-1024x768.jpg 1024w, https:\/\/www.conselharan.org\/wp-content\/uploads\/2017\/06\/1-1-300x225.jpg 300w, https:\/\/www.conselharan.org\/wp-content\/uploads\/2017\/06\/1-1-768x576.jpg 768w\" sizes=\"(max-width: 1024px) 100vw, 1024px\" \/><\/a><\/p>\n<p>El CEI Val d&#8217;Aran, impulsat per el Conselh Generau d\u2019Aran amb la col\u00b7laboraci\u00f3 de GlobaLleida i la Diputaci\u00f3 de Lleida, t\u00e9 principalment dues l\u00ednies de treball. D&#8217;una banda, donar l&#8217;oportunitat del desenvolupament de noves empreses, acollint a les seves instal\u00b7lacions empreses innovadores o que tinguin relaci\u00f3 amb les noves tecnologies; i d&#8217;altra banda oferir el suport al sector empresarial de la Val d\u2019Aran mitjan\u00e7ant la transfer\u00e8ncia tecnol\u00f2gica i millora de les xarxes de cooperaci\u00f3 entre empreses del territori.<\/p>\n<p>Relais d\u2019Entreprises, que va ser creat l\u2019any 2012 per Dominique Valentin, impulsa un projecte d\u2019innovaci\u00f3 social i de desenvolupament sostenible, sobretot en l\u2019\u00e0mbit rural, amb l\u2019objectiu de reequilibrar el territori, donant suport al desenvolupament de les campanyes rurals i urbanes aprofitant al m\u00e0xim les possibilitats de la transformaci\u00f3 digital.<\/p>\n<p>Despr\u00e9s de l&#8217;\u00e8xit dels seus primers projectes es va iniciar la construcci\u00f3 d&#8217;una xarxa nacional d&#8217;espais afiliats. L&#8217;objectiu \u00e9s obrir 300 centres el 2020.<\/p>\n<p><a href=\"http:\/\/www.conselharan.org\/wp-content\/uploads\/2017\/06\/IMG_3696.jpg\"><img loading=\"lazy\" decoding=\"async\" class=\"aligncenter size-large wp-image-17634\" src=\"http:\/\/www.conselharan.org\/wp-content\/uploads\/2017\/06\/IMG_3696-1024x768.jpg\" alt=\"IMG_3696\" width=\"1024\" height=\"768\" srcset=\"https:\/\/www.conselharan.org\/wp-content\/uploads\/2017\/06\/IMG_3696-1024x768.jpg 1024w, https:\/\/www.conselharan.org\/wp-content\/uploads\/2017\/06\/IMG_3696-300x225.jpg 300w, https:\/\/www.conselharan.org\/wp-content\/uploads\/2017\/06\/IMG_3696-768x576.jpg 768w, https:\/\/www.conselharan.org\/wp-content\/uploads\/2017\/06\/IMG_3696.jpg 1200w\" sizes=\"(max-width: 1024px) 100vw, 1024px\" \/><\/a><\/p>\n<p>&nbsp;<\/p>\n<p>&nbsp;<\/p>\n<p>&nbsp;<\/p>\n ","protected":false},"excerpt":{"rendered":"<p>Vielha, 7 de juny de 2017.- Avui dimecres una delegaci\u00f3 de Relais d\u2019Entrteprises i de responsables del Conseil D\u00e9partemental Haute Garonne ha efectuat una visita al CEI Val d\u2019Aran de Casau. El motiu de la visita ha estat per con\u00e8ixer de primera m\u00e0 el funcionament del Centre d\u2019Empreses Innovadores de la Val d\u2019Aran, amb l\u2019objectiu&#8230;<\/p>\n","protected":false},"author":2,"featured_media":17632,"comment_status":"closed","ping_status":"closed","sticky":false,"template":"","format":"standard","meta":{"footnotes":""},"categories":[53],"tags":[],"_links":{"self":[{"href":"https:\/\/www.conselharan.org\/ca\/wp-json\/wp\/v2\/posts\/17639"}],"collection":[{"href":"https:\/\/www.conselharan.org\/ca\/wp-json\/wp\/v2\/posts"}],"about":[{"href":"https:\/\/www.conselharan.org\/ca\/wp-json\/wp\/v2\/types\/post"}],"author":[{"embeddable":true,"href":"https:\/\/www.conselharan.org\/ca\/wp-json\/wp\/v2\/users\/2"}],"replies":[{"embeddable":true,"href":"https:\/\/www.conselharan.org\/ca\/wp-json\/wp\/v2\/comments?post=17639"}],"version-history":[{"count":1,"href":"https:\/\/www.conselharan.org\/ca\/wp-json\/wp\/v2\/posts\/17639\/revisions"}],"predecessor-version":[{"id":17640,"href":"https:\/\/www.conselharan.org\/ca\/wp-json\/wp\/v2\/posts\/17639\/revisions\/17640"}],"wp:featuredmedia":[{"embeddable":true,"href":"https:\/\/www.conselharan.org\/ca\/wp-json\/wp\/v2\/media\/17632"}],"wp:attachment":[{"href":"https:\/\/www.conselharan.org\/ca\/wp-json\/wp\/v2\/media?parent=17639"}],"wp:term":[{"taxonomy":"category","embeddable":true,"href":"https:\/\/www.conselharan.org\/ca\/wp-json\/wp\/v2\/categories?post=17639"},{"taxonomy":"post_tag","embeddable":true,"href":"https:\/\/www.conselharan.org\/ca\/wp-json\/wp\/v2\/tags?post=17639"}],"curies":[{"name":"wp","href":"https:\/\/api.w.org\/{rel}","templated":true}]}}