{"id":17649,"date":"2017-06-07T17:54:50","date_gmt":"2017-06-07T15:54:50","guid":{"rendered":"http:\/\/www.conselharan.org\/ca\/?p=17649"},"modified":"2017-06-07T17:54:50","modified_gmt":"2017-06-07T15:54:50","slug":"9-de-juny-jornada-de-portes-obertes-a-larxiu-generau-daran","status":"publish","type":"post","link":"https:\/\/www.conselharan.org\/ca\/9-de-juny-jornada-de-portes-obertes-a-larxiu-generau-daran\/","title":{"rendered":"9 de juny Jornada de portes obertes a l\u2019Arxiu Generau d\u2019Aran"},"content":{"rendered":"<p>Vielha, 7 de juny de 2017.- En motiu de la celebraci\u00f3 del <strong>Dia Internacional dels Arxius<\/strong>, l\u2019Archiu Generau d\u2019Aran, far\u00e0 una jornada de portes obertes el proper divendres 9 de juny.<\/p>\n<p><a href=\"http:\/\/www.conselharan.org\/wp-content\/uploads\/2017\/06\/w-jornades-de-p\u00f2rtes-dub\u00e8rtes-9-de-junh.jpg\"><img loading=\"lazy\" decoding=\"async\" class=\"aligncenter size-large wp-image-17643\" src=\"http:\/\/www.conselharan.org\/wp-content\/uploads\/2017\/06\/w-jornades-de-p\u00f2rtes-dub\u00e8rtes-9-de-junh-768x1024.jpg\" alt=\"w-jornades de p\u00f2rtes dub\u00e8rtes 9 de junh\" width=\"768\" height=\"1024\" srcset=\"https:\/\/www.conselharan.org\/wp-content\/uploads\/2017\/06\/w-jornades-de-p\u00f2rtes-dub\u00e8rtes-9-de-junh-768x1024.jpg 768w, https:\/\/www.conselharan.org\/wp-content\/uploads\/2017\/06\/w-jornades-de-p\u00f2rtes-dub\u00e8rtes-9-de-junh-225x300.jpg 225w, https:\/\/www.conselharan.org\/wp-content\/uploads\/2017\/06\/w-jornades-de-p\u00f2rtes-dub\u00e8rtes-9-de-junh.jpg 1181w\" sizes=\"(max-width: 768px) 100vw, 768px\" \/><\/a><\/p>\n<p>Durant la jornada s\u2019exposar\u00e0 una mostra de documents restaurats composada per 245 pergamins, 18 llibres, 1 gravat i 6 manuscrits procedents dels fons documentals dipositats a l&#8217;Arxiu.<\/p>\n<p>La celebraci\u00f3 del Dia Internacional dels Arxius a la Val d\u2019Aran, comptar\u00e0 tamb\u00e9 amb la projecci\u00f3 del v\u00eddeo documental sobre la restauraci\u00f3 de <strong>\u201c<\/strong><strong>Era Querim<\/strong><strong>\u00f2<\/strong><strong>nia<\/strong><strong>\u201d<\/strong>, el conjunt de privilegis concedits a la Val d&#8217;Aran l\u2019any 1313 pel rei Jaume II d&#8217;Arag\u00f3 des del Castell de la Suda de Lleida, que va confirmar els Usatges i Constitucions dels habitants de l\u2019Aran.<\/p>\n<p>Les projeccions es realitzaran a les 12.00 i a les 18.00 h.<\/p>\n<p>&nbsp;<\/p>\n<p>&nbsp;<\/p>\n ","protected":false},"excerpt":{"rendered":"<p>Vielha, 7 de juny de 2017.- En motiu de la celebraci\u00f3 del Dia Internacional dels Arxius, l\u2019Archiu Generau d\u2019Aran, far\u00e0 una jornada de portes obertes el proper divendres 9 de juny. Durant la jornada s\u2019exposar\u00e0 una mostra de documents restaurats composada per 245 pergamins, 18 llibres, 1 gravat i 6 manuscrits procedents dels fons documentals&#8230;<\/p>\n","protected":false},"author":2,"featured_media":17643,"comment_status":"closed","ping_status":"closed","sticky":false,"template":"","format":"standard","meta":{"footnotes":""},"categories":[33],"tags":[],"_links":{"self":[{"href":"https:\/\/www.conselharan.org\/ca\/wp-json\/wp\/v2\/posts\/17649"}],"collection":[{"href":"https:\/\/www.conselharan.org\/ca\/wp-json\/wp\/v2\/posts"}],"about":[{"href":"https:\/\/www.conselharan.org\/ca\/wp-json\/wp\/v2\/types\/post"}],"author":[{"embeddable":true,"href":"https:\/\/www.conselharan.org\/ca\/wp-json\/wp\/v2\/users\/2"}],"replies":[{"embeddable":true,"href":"https:\/\/www.conselharan.org\/ca\/wp-json\/wp\/v2\/comments?post=17649"}],"version-history":[{"count":1,"href":"https:\/\/www.conselharan.org\/ca\/wp-json\/wp\/v2\/posts\/17649\/revisions"}],"predecessor-version":[{"id":17650,"href":"https:\/\/www.conselharan.org\/ca\/wp-json\/wp\/v2\/posts\/17649\/revisions\/17650"}],"wp:featuredmedia":[{"embeddable":true,"href":"https:\/\/www.conselharan.org\/ca\/wp-json\/wp\/v2\/media\/17643"}],"wp:attachment":[{"href":"https:\/\/www.conselharan.org\/ca\/wp-json\/wp\/v2\/media?parent=17649"}],"wp:term":[{"taxonomy":"category","embeddable":true,"href":"https:\/\/www.conselharan.org\/ca\/wp-json\/wp\/v2\/categories?post=17649"},{"taxonomy":"post_tag","embeddable":true,"href":"https:\/\/www.conselharan.org\/ca\/wp-json\/wp\/v2\/tags?post=17649"}],"curies":[{"name":"wp","href":"https:\/\/api.w.org\/{rel}","templated":true}]}}