{"id":17662,"date":"2017-06-08T13:16:45","date_gmt":"2017-06-08T11:16:45","guid":{"rendered":"http:\/\/www.conselharan.org\/ca\/?p=17662"},"modified":"2017-06-08T16:27:55","modified_gmt":"2017-06-08T14:27:55","slug":"fira-de-lovella-aranesa-mercat-dartesans-de-la-val-daran-i-xi-concurs-morfologic-de-lovella-aranesa","status":"publish","type":"post","link":"https:\/\/www.conselharan.org\/ca\/fira-de-lovella-aranesa-mercat-dartesans-de-la-val-daran-i-xi-concurs-morfologic-de-lovella-aranesa\/","title":{"rendered":"Fira de l&#8217;Ovella Aranesa, Mercat d&#8217;Artesans de la Val d&#8217;Aran i XI Concurs Morfol\u00f2gic de l&#8217;Ovella Aranesa"},"content":{"rendered":"<p>Vielha, 7 de juny de 2017.- El proper diumenge dia 11 de juny se celebra a Vielha la Fira de l&#8217;Ovella Aranesa, Mercat d&#8217;Artesans de la Val d&#8217;Aran i el XI Concurs Morfol\u00f2gic de l&#8217;Ovella Aranesa.<\/p>\n<p>L&#8217;ovella de la Val d&#8217;Aran, considerada de protecci\u00f3 especial per trobar-se en perill d&#8217;extinci\u00f3, destaca pel seu gran potencial carni, la seva potent cornamenta i per la qualitat de la seva llana, molt cotitzada entre els artesans. Actualment, unes 30 ramaderies, es dediquen a la seva cria, i reuneixen un cens d\u2019uns 1.900 efectius.<\/p>\n<p>&nbsp;<\/p>\n<p>Programa:<\/p>\n<p>09:00: Entrada d&#8217;animals.<\/p>\n<p>10:00: Inauguraci\u00f3 Fira.<\/p>\n<p>10:15: Exposici\u00f3 de Ovelles i XI Concurs Morfol\u00f2gic.<\/p>\n<p>10:15: Mercat d&#8217;Artesans de la Vall d&#8217;Aran.<\/p>\n<p>10.30h: Dinar popular i Jocs Infantils.<\/p>\n<p>11:00: II Concurs d\u2019esquilat d&#8217;ovelles a m\u00e0 i a m\u00e0quina.<\/p>\n<p>12:30: Demostraci\u00f3 de tall de troncs.<\/p>\n<p>14:00: Presentaci\u00f3 del llibre &#8220;Borregueros&#8221;.<\/p>\n<p>14:15: Lliurament de premis dels concursos.<\/p>\n<p>14.30h: Sorteig de regals.<\/p>\n<p>14:45: Clausura de la fira.<\/p>\n<p><a href=\"http:\/\/www.conselharan.org\/wp-content\/uploads\/2017\/06\/IMG_2753.jpg\"><img loading=\"lazy\" decoding=\"async\" class=\"aligncenter size-large wp-image-17656\" src=\"http:\/\/www.conselharan.org\/wp-content\/uploads\/2017\/06\/IMG_2753-1024x750.jpg\" alt=\"IMG_2753\" width=\"1024\" height=\"750\" srcset=\"https:\/\/www.conselharan.org\/wp-content\/uploads\/2017\/06\/IMG_2753-1024x750.jpg 1024w, https:\/\/www.conselharan.org\/wp-content\/uploads\/2017\/06\/IMG_2753-300x220.jpg 300w, https:\/\/www.conselharan.org\/wp-content\/uploads\/2017\/06\/IMG_2753-768x562.jpg 768w\" sizes=\"(max-width: 1024px) 100vw, 1024px\" \/><\/a> <a href=\"http:\/\/www.conselharan.org\/wp-content\/uploads\/2017\/06\/IMG_2771.jpg\"><img loading=\"lazy\" decoding=\"async\" class=\"aligncenter size-large wp-image-17657\" src=\"http:\/\/www.conselharan.org\/wp-content\/uploads\/2017\/06\/IMG_2771-1024x707.jpg\" alt=\"IMG_2771\" width=\"1024\" height=\"707\" srcset=\"https:\/\/www.conselharan.org\/wp-content\/uploads\/2017\/06\/IMG_2771-1024x707.jpg 1024w, https:\/\/www.conselharan.org\/wp-content\/uploads\/2017\/06\/IMG_2771-300x207.jpg 300w, https:\/\/www.conselharan.org\/wp-content\/uploads\/2017\/06\/IMG_2771-768x530.jpg 768w\" sizes=\"(max-width: 1024px) 100vw, 1024px\" \/><\/a><\/p>\n ","protected":false},"excerpt":{"rendered":"<p>Vielha, 7 de juny de 2017.- El proper diumenge dia 11 de juny se celebra a Vielha la Fira de l&#8217;Ovella Aranesa, Mercat d&#8217;Artesans de la Val d&#8217;Aran i el XI Concurs Morfol\u00f2gic de l&#8217;Ovella Aranesa. L&#8217;ovella de la Val d&#8217;Aran, considerada de protecci\u00f3 especial per trobar-se en perill d&#8217;extinci\u00f3, destaca pel seu gran potencial&#8230;<\/p>\n","protected":false},"author":2,"featured_media":17656,"comment_status":"closed","ping_status":"closed","sticky":false,"template":"","format":"standard","meta":{"footnotes":""},"categories":[33],"tags":[],"_links":{"self":[{"href":"https:\/\/www.conselharan.org\/ca\/wp-json\/wp\/v2\/posts\/17662"}],"collection":[{"href":"https:\/\/www.conselharan.org\/ca\/wp-json\/wp\/v2\/posts"}],"about":[{"href":"https:\/\/www.conselharan.org\/ca\/wp-json\/wp\/v2\/types\/post"}],"author":[{"embeddable":true,"href":"https:\/\/www.conselharan.org\/ca\/wp-json\/wp\/v2\/users\/2"}],"replies":[{"embeddable":true,"href":"https:\/\/www.conselharan.org\/ca\/wp-json\/wp\/v2\/comments?post=17662"}],"version-history":[{"count":2,"href":"https:\/\/www.conselharan.org\/ca\/wp-json\/wp\/v2\/posts\/17662\/revisions"}],"predecessor-version":[{"id":17665,"href":"https:\/\/www.conselharan.org\/ca\/wp-json\/wp\/v2\/posts\/17662\/revisions\/17665"}],"wp:featuredmedia":[{"embeddable":true,"href":"https:\/\/www.conselharan.org\/ca\/wp-json\/wp\/v2\/media\/17656"}],"wp:attachment":[{"href":"https:\/\/www.conselharan.org\/ca\/wp-json\/wp\/v2\/media?parent=17662"}],"wp:term":[{"taxonomy":"category","embeddable":true,"href":"https:\/\/www.conselharan.org\/ca\/wp-json\/wp\/v2\/categories?post=17662"},{"taxonomy":"post_tag","embeddable":true,"href":"https:\/\/www.conselharan.org\/ca\/wp-json\/wp\/v2\/tags?post=17662"}],"curies":[{"name":"wp","href":"https:\/\/api.w.org\/{rel}","templated":true}]}}