{"id":17670,"date":"2017-06-08T16:39:09","date_gmt":"2017-06-08T14:39:09","guid":{"rendered":"http:\/\/www.conselharan.org\/ca\/?p=17670"},"modified":"2017-06-08T16:39:09","modified_gmt":"2017-06-08T14:39:09","slug":"el-conselh-generau-daran-amb-oscar-cadiach-en-el-seu-ascens-al-broad-peak","status":"publish","type":"post","link":"https:\/\/www.conselharan.org\/ca\/el-conselh-generau-daran-amb-oscar-cadiach-en-el-seu-ascens-al-broad-peak\/","title":{"rendered":"El Conselh Generau d&#8217;Aran amb \u00d2scar Cadiach en el seu ascens al Broad Peak"},"content":{"rendered":"<p>El sindic d&#8217;Aran, <strong>Carlos Barrera<\/strong>, i la conselh\u00e8ra de Turisme i Desenvolupament Econ\u00f2mic d&#8217;Aran, <strong>Anna D\u00edaz<\/strong>, van rebre la setmana passada a l&#8217;alpinista catal\u00e0 <strong>\u00d2scar Cadiach<\/strong>.<\/p>\n<p>El Govern d&#8217;Aran va ratificar l&#8217;esponsoritzaci\u00f3 de la propera expedici\u00f3 del tarragon\u00ed al Broad Peak (8.047 m). Cadiach, pot <strong>convertir-se en el primer catal\u00e0 a completar els 14 principals huit mil del m\u00f3n sense utilitzar oxigen artificial.<\/strong><\/p>\n<p>L&#8217;alpinista tarragon\u00ed, amb casa a Vilam\u00f2s, tornar\u00e0 a intentar el Broad Peak durant els mesos de juny, juliol i agost. Cadiach portar\u00e0 els emblemes del Conselh Generau d&#8217;Aran fins al cim d&#8217;aquest huit mil del Karakorum i tota la imatge corporativa de <strong>&#8220;Val<\/strong> <strong>d&#8217;Aran<\/strong> &#8211;<strong>Era ess\u00e8ncia des Pirin\u00e8us &#8220;<\/strong>en la indument\u00e0ria de l&#8217;expedici\u00f3, que pot allargar-se uns 50 dies.<\/p>\n<p><a href=\"http:\/\/www.conselharan.org\/wp-content\/uploads\/2017\/06\/Oscar-Cadiach-Conselh.jpg\"><img loading=\"lazy\" decoding=\"async\" class=\"size-large wp-image-17667\" src=\"http:\/\/www.conselharan.org\/wp-content\/uploads\/2017\/06\/Oscar-Cadiach-Conselh-875x1024.jpg\" alt=\"????????????????????????????????????\" width=\"875\" height=\"1024\" srcset=\"https:\/\/www.conselharan.org\/wp-content\/uploads\/2017\/06\/Oscar-Cadiach-Conselh.jpg 875w, https:\/\/www.conselharan.org\/wp-content\/uploads\/2017\/06\/Oscar-Cadiach-Conselh-256x300.jpg 256w, https:\/\/www.conselharan.org\/wp-content\/uploads\/2017\/06\/Oscar-Cadiach-Conselh-768x899.jpg 768w\" sizes=\"(max-width: 875px) 100vw, 875px\" \/><\/a><\/p>\n<p><strong>La Val d&#8217;Aran, destinaci\u00f3 d&#8217;alta muntanya<\/strong><\/p>\n<p>&nbsp;<\/p>\n<p>A m\u00e9s de la promoci\u00f3 de la Val d&#8217;Aran, a la tornada del Broad <strong>l&#8217;alpinista fomentar\u00e0 la ruta a l&#8217;Aneto pel vessant aranesa<\/strong>, que compta cada vegada amb m\u00e9s adeptes. El suport de Cadiach, t\u00e9 com a objectiu refor\u00e7ar la vinculaci\u00f3 de la Val d&#8217;Aran amb l&#8217;alta muntanya.<\/p>\n<p>Cadiach va anunciar a m\u00e9s que del grup d&#8217;alpinistes internacionals amb els quals comparteix l&#8217;expedici\u00f3, a l&#8217;arribada del camp base s&#8217;incorporar\u00e0 Muhammad Ali Sadpara. L&#8217;alpinista m\u00e9s fort de Pakistan que ha trepitjat el cim dels huit mil m\u00e9s emblem\u00e0tics del pa\u00eds.<\/p>\n<p>El 28 d&#8217;agost de 1985, Cadiach va ser juntament amb Antoni Sors i Carles Vall\u00e8s, el primer alpinista catal\u00e0 en assolir el cim de l&#8217;Everest. Cadiach ha coronat fins ara 16 cims que sobrepassen els 8 mil metres i ha estat 26 vegades per sobre d&#8217;aquesta cota. Amb aquesta nova aventura al Broad, el tarragon\u00ed ja suma 66 expedicions a l&#8217;Him\u00e0laia.<\/p>\n<p>&nbsp;<\/p>\n ","protected":false},"excerpt":{"rendered":"<p>El sindic d&#8217;Aran, Carlos Barrera, i la conselh\u00e8ra de Turisme i Desenvolupament Econ\u00f2mic d&#8217;Aran, Anna D\u00edaz, van rebre la setmana passada a l&#8217;alpinista catal\u00e0 \u00d2scar Cadiach. El Govern d&#8217;Aran va ratificar l&#8217;esponsoritzaci\u00f3 de la propera expedici\u00f3 del tarragon\u00ed al Broad Peak (8.047 m). Cadiach, pot convertir-se en el primer catal\u00e0 a completar els 14 principals&#8230;<\/p>\n","protected":false},"author":2,"featured_media":17667,"comment_status":"closed","ping_status":"closed","sticky":false,"template":"","format":"standard","meta":{"footnotes":""},"categories":[53],"tags":[],"_links":{"self":[{"href":"https:\/\/www.conselharan.org\/ca\/wp-json\/wp\/v2\/posts\/17670"}],"collection":[{"href":"https:\/\/www.conselharan.org\/ca\/wp-json\/wp\/v2\/posts"}],"about":[{"href":"https:\/\/www.conselharan.org\/ca\/wp-json\/wp\/v2\/types\/post"}],"author":[{"embeddable":true,"href":"https:\/\/www.conselharan.org\/ca\/wp-json\/wp\/v2\/users\/2"}],"replies":[{"embeddable":true,"href":"https:\/\/www.conselharan.org\/ca\/wp-json\/wp\/v2\/comments?post=17670"}],"version-history":[{"count":1,"href":"https:\/\/www.conselharan.org\/ca\/wp-json\/wp\/v2\/posts\/17670\/revisions"}],"predecessor-version":[{"id":17671,"href":"https:\/\/www.conselharan.org\/ca\/wp-json\/wp\/v2\/posts\/17670\/revisions\/17671"}],"wp:featuredmedia":[{"embeddable":true,"href":"https:\/\/www.conselharan.org\/ca\/wp-json\/wp\/v2\/media\/17667"}],"wp:attachment":[{"href":"https:\/\/www.conselharan.org\/ca\/wp-json\/wp\/v2\/media?parent=17670"}],"wp:term":[{"taxonomy":"category","embeddable":true,"href":"https:\/\/www.conselharan.org\/ca\/wp-json\/wp\/v2\/categories?post=17670"},{"taxonomy":"post_tag","embeddable":true,"href":"https:\/\/www.conselharan.org\/ca\/wp-json\/wp\/v2\/tags?post=17670"}],"curies":[{"name":"wp","href":"https:\/\/api.w.org\/{rel}","templated":true}]}}