{"id":17681,"date":"2017-06-08T17:29:30","date_gmt":"2017-06-08T15:29:30","guid":{"rendered":"http:\/\/www.conselharan.org\/ca\/?p=17681"},"modified":"2017-06-08T17:29:30","modified_gmt":"2017-06-08T15:29:30","slug":"xxviiau-concors-literari-mn-condo-sambeat-xau-concors-de-diboish-ena-escola-xau-festivau-de-teatre-ena-escola-vau-concors-de-comic-2","status":"publish","type":"post","link":"https:\/\/www.conselharan.org\/ca\/xxviiau-concors-literari-mn-condo-sambeat-xau-concors-de-diboish-ena-escola-xau-festivau-de-teatre-ena-escola-vau-concors-de-comic-2\/","title":{"rendered":"XXVIIau Concors Literari Mn. Cond\u00f2 Sambeat. Xau Concors de Diboish ena esc\u00f2la. Xau Festivau de Teatre ena esc\u00f2la. Vau Concors de Comic"},"content":{"rendered":"<p>Vielha, 8 de juny de 2017.- El proper dissabte dia 10 de juny a les 19 hores, a l\u2019esgl\u00e9sia de Mijaran de Vielha, tindr\u00e0 lloc l\u2019acte d\u2019entrega dels Pr\u00e8mis des concorsi literaris XXVIIau Mossen Cond\u00f2 Sambeat e XVIIau Aran de Literatura, deth Xau concors de Diboish ena Esc\u00f2la e deth Xau Festivau de Teatre ena Esc\u00f2la, que cada any organitza el Conselh Generau d\u2019Aran.<\/p>\n<p>A l\u2019acte de lliurament dels Premis ser\u00e0 presidit per el sindic d\u2019Aran, <strong>Carlos Barrera<\/strong>, acompanyat del vicesindic d\u2019Aran, <strong>Lu\u00eds Carlos Medina <\/strong>i els conselh\u00e8rs del Gov\u00e8rn d\u2019Aran.<\/p>\n<p><a href=\"http:\/\/www.conselharan.org\/wp-content\/uploads\/2017\/06\/Mn-copia-756x1024.jpg\"><img loading=\"lazy\" decoding=\"async\" class=\"aligncenter size-large wp-image-17675\" src=\"http:\/\/www.conselharan.org\/wp-content\/uploads\/2017\/06\/Mn-copia-756x1024-756x1024.jpg\" alt=\"Mn-copia-756x1024\" width=\"756\" height=\"1024\" srcset=\"https:\/\/www.conselharan.org\/wp-content\/uploads\/2017\/06\/Mn-copia-756x1024.jpg 756w, https:\/\/www.conselharan.org\/wp-content\/uploads\/2017\/06\/Mn-copia-756x1024-221x300.jpg 221w\" sizes=\"(max-width: 756px) 100vw, 756px\" \/><\/a><\/p>\n<p>Premis i categories:<\/p>\n<p>XXVIIau CONCORS LITERARI MN COND\u00d2 SAMBEAT<\/p>\n<p>Categoria Narracion<\/p>\n<p>Niv\u00e8u A:<\/p>\n<p>Ent\u00e0 estudiants de 5au e 6au de prim\u00e0ria.<\/p>\n<p>Minim 2 huelhes DIN A-4, sonque per ua cara.<\/p>\n<p>Prum\u00e8r pr\u00e8mi 100 \u20ac e dipl\u00f2ma.<\/p>\n<p>Finalista 75 \u20ac e dipl\u00f2ma.<\/p>\n<p>Dus acc\u00e8ssits de 50 \u20ac cada un damb dipl\u00f2ma.<\/p>\n<p>&nbsp;<\/p>\n<p>Niv\u00e8u B:<\/p>\n<p>Ent\u00e0 estudiants de 1\u00e8r e 2au d\u2019ESO.<\/p>\n<p>Minim 3 huelhes DIN A-4, sonque per ua cara.<\/p>\n<p>Prum\u00e8r pr\u00e8mi 125 \u20ac e dipl\u00f2ma.<\/p>\n<p>Finalista 100 \u20ac e dipl\u00f2ma.<\/p>\n<p>Dus acc\u00e8ssits de 75 \u20ac cada un damb dipl\u00f2ma.<\/p>\n<p>&nbsp;<\/p>\n<p>Niv\u00e8u C:<\/p>\n<p>Ent\u00e0 estudiants de 3au e 4au d\u2019ESO.<\/p>\n<p>Minim 6 huelhes DIN A-4, sonque per ua cara.<\/p>\n<p>Prum\u00e8r pr\u00e8mi 175\u20ac e dipl\u00f2ma.<\/p>\n<p>Finalista 125\u20ac e dipl\u00f2ma.<\/p>\n<p>Dus acc\u00e8ssits de 100\u20ac cada un damb dipl\u00f2ma.<\/p>\n<p>&nbsp;<\/p>\n<p>Categoria Poesia<\/p>\n<p>Niv\u00e8u A:<\/p>\n<p>Ent\u00e0 estudiants de 5au e 6au de prim\u00e0ria.<\/p>\n<p>Minim 12 v\u00e8rsi.<\/p>\n<p>Prum\u00e8r pr\u00e8mi 100 \u20ac e dipl\u00f2ma.<\/p>\n<p>Finalista 75 \u20ac e dipl\u00f2ma.<\/p>\n<p>Dus acc\u00e8ssits de 50 \u20ac cada un damb dipl\u00f2ma.<\/p>\n<p>&nbsp;<\/p>\n<p>Niv\u00e8u B:<\/p>\n<p>Ent\u00e0 estudiants de 1\u00e8r e 2au d\u2019ESO.<\/p>\n<p>Minim 16 v\u00e8rsi.<\/p>\n<p>Prum\u00e8r pr\u00e8mi 125 \u20ac e dipl\u00f2ma.<\/p>\n<p>Finalista 100 \u20ac e dipl\u00f2ma.<\/p>\n<p>Dus acc\u00e8ssits de 75 \u20ac cada un damb dipl\u00f2ma.<\/p>\n<p>&nbsp;<\/p>\n<p>&nbsp;<\/p>\n<p>Niv\u00e8u C:<\/p>\n<p>Ent\u00e0 estudiants de 3au e 4au d\u2019ESO.<\/p>\n<p>Minim 25 v\u00e8rsi.<\/p>\n<p>Prum\u00e8r pr\u00e8mi 175 \u20ac e dipl\u00f2ma.<\/p>\n<p>&nbsp;<\/p>\n<p>Finalista 125 \u20ac e dipl\u00f2ma.<\/p>\n<p>Dus acc\u00e8ssits de 100 \u20ac cada un damb dipl\u00f2ma.<\/p>\n<p>&nbsp;<\/p>\n<p>Xau CONCORS DE DIBOISH ENA ESC\u00d2LA \u2013\u00a0 Vau CONCORS DE COMIC<\/p>\n<p>Categories concors de diboish:<\/p>\n<p>1\u00e8r e 2au. prim\u00e0ria<\/p>\n<p>3au e 4au. prim\u00e0ria<\/p>\n<p>5au e 6au. prim\u00e0ria<\/p>\n<p>Categories concors de comic:<\/p>\n<p>1\u00e8r e 2au. ESO.<\/p>\n<p>3au e 4au. ESO.<\/p>\n<p>Bachelierat e Formacion Professionau.<\/p>\n<p>&nbsp;<\/p>\n<p>Pr\u00e8mis concors de diboish:<\/p>\n<p>1\u00e8r- 2au. e 3au-4au de prim\u00e0ria: Estug compl\u00e8t de diboish t\u00e0s premiadi (1\u00e8r. pr\u00e8mi, Finalista e acc\u00e8ssit).<\/p>\n<p>Pr\u00e8mis per categoria<\/p>\n<p>Era categoria de 5au, 6au, de prim\u00e0ria:<\/p>\n<p>1\u00e8r. Pr\u00e8mi de cada categoria: 150 \u20ac<\/p>\n<p>Finalista de cada categoria: 100 \u20ac<\/p>\n<p>2 acc\u00e8ssits de cada categoria de 50 \u20ac<\/p>\n<p>&nbsp;<\/p>\n<p>Pr\u00e8mis concors de comic:<\/p>\n<p>Es dues categories de 1\u00e8r-2au. e 3au.-4au. ESO<\/p>\n<p>Pr\u00e8mis per categoria<\/p>\n<p>1\u00e8r. Pr\u00e8mi de cada categoria: 150 \u20ac<\/p>\n<p>Finalista de cada categoria: 100 \u20ac<\/p>\n<p>2 acc\u00e8ssits de cada categoria de 50 \u20ac<\/p>\n<p>&nbsp;<\/p>\n<p>&nbsp;<\/p>\n<p>Categoria de Bachelierat e Formacion Professionau<\/p>\n<p>1\u00e8r. Pr\u00e8mi: 200 \u20ac<\/p>\n<p>Finalista: 150 \u20ac<\/p>\n<p>2 acc\u00e8ssits de cada categoria de 100 \u20ac<\/p>\n<p>&nbsp;<\/p>\n<p>Xau FESTIVAU DE TEATRE ENA ESC\u00d2LA<\/p>\n<p>Cada esc\u00f2la o centre escolar poder\u00e0 representar ua \u00f2bra.<\/p>\n<p>Era representacion des \u00f2bres se har\u00e0 en ua des dues sales disponibles:<\/p>\n<p>Sala d\u2019actes dera Esc\u00f2la Garona de Vielha e Sala d\u2019actes der Ajuntament de Les.<\/p>\n<p>Eth Conselh Generau d\u2019Aran meter\u00e0 autocars a disposicion des esc\u00f2les tath despla\u00e7ament de toti es s\u00f2ns escolans.<\/p>\n<p>Es \u00f2bres se representar\u00e0n pendent era primauera deth 2017.<\/p>\n<p>&nbsp;<\/p>\n<p>Aquest acte de lliurament de premis \u00e9s incl\u00f2s dins de la celebraci\u00f3 de la Festa d\u2019Aran.<\/p>\n<p>&nbsp;<\/p>\n<p>&nbsp;<\/p>\n<p>&nbsp;<\/p>\n<p>&nbsp;<\/p>\n ","protected":false},"excerpt":{"rendered":"<p>Vielha, 8 de juny de 2017.- El proper dissabte dia 10 de juny a les 19 hores, a l\u2019esgl\u00e9sia de Mijaran de Vielha, tindr\u00e0 lloc l\u2019acte d\u2019entrega dels Pr\u00e8mis des concorsi literaris XXVIIau Mossen Cond\u00f2 Sambeat e XVIIau Aran de Literatura, deth Xau concors de Diboish ena Esc\u00f2la e deth Xau Festivau de Teatre ena&#8230;<\/p>\n","protected":false},"author":2,"featured_media":17675,"comment_status":"closed","ping_status":"closed","sticky":false,"template":"","format":"standard","meta":{"footnotes":""},"categories":[33],"tags":[],"_links":{"self":[{"href":"https:\/\/www.conselharan.org\/ca\/wp-json\/wp\/v2\/posts\/17681"}],"collection":[{"href":"https:\/\/www.conselharan.org\/ca\/wp-json\/wp\/v2\/posts"}],"about":[{"href":"https:\/\/www.conselharan.org\/ca\/wp-json\/wp\/v2\/types\/post"}],"author":[{"embeddable":true,"href":"https:\/\/www.conselharan.org\/ca\/wp-json\/wp\/v2\/users\/2"}],"replies":[{"embeddable":true,"href":"https:\/\/www.conselharan.org\/ca\/wp-json\/wp\/v2\/comments?post=17681"}],"version-history":[{"count":1,"href":"https:\/\/www.conselharan.org\/ca\/wp-json\/wp\/v2\/posts\/17681\/revisions"}],"predecessor-version":[{"id":17682,"href":"https:\/\/www.conselharan.org\/ca\/wp-json\/wp\/v2\/posts\/17681\/revisions\/17682"}],"wp:featuredmedia":[{"embeddable":true,"href":"https:\/\/www.conselharan.org\/ca\/wp-json\/wp\/v2\/media\/17675"}],"wp:attachment":[{"href":"https:\/\/www.conselharan.org\/ca\/wp-json\/wp\/v2\/media?parent=17681"}],"wp:term":[{"taxonomy":"category","embeddable":true,"href":"https:\/\/www.conselharan.org\/ca\/wp-json\/wp\/v2\/categories?post=17681"},{"taxonomy":"post_tag","embeddable":true,"href":"https:\/\/www.conselharan.org\/ca\/wp-json\/wp\/v2\/tags?post=17681"}],"curies":[{"name":"wp","href":"https:\/\/api.w.org\/{rel}","templated":true}]}}