{"id":17702,"date":"2017-06-09T11:43:37","date_gmt":"2017-06-09T09:43:37","guid":{"rendered":"http:\/\/www.conselharan.org\/ca\/?p=17702"},"modified":"2017-06-13T10:13:20","modified_gmt":"2017-06-13T08:13:20","slug":"el-conselh-generau-daran-realitza-obres-de-millora-a-lesglesia-de-nostra-senyora-de-montgarri","status":"publish","type":"post","link":"https:\/\/www.conselharan.org\/ca\/el-conselh-generau-daran-realitza-obres-de-millora-a-lesglesia-de-nostra-senyora-de-montgarri\/","title":{"rendered":"El Conselh Generau d\u2019Aran realitza obres de millora a l\u2019esgl\u00e9sia de Nostra Senyora de Montgarri"},"content":{"rendered":"<p>Vielha, 9 de juny de 2017.- El Conselh Generau d\u2019Aran est\u00e0 duent a terme tota una s\u00e8rie d\u2019actuacions de rehabilitaci\u00f3 i millora a l\u2019esgl\u00e9sia de Nostra Senyora de Montgarri.<\/p>\n<p><a href=\"http:\/\/www.conselharan.org\/wp-content\/uploads\/2017\/06\/IMG_1896.jpg\"><img loading=\"lazy\" decoding=\"async\" class=\"aligncenter size-large wp-image-17695\" src=\"http:\/\/www.conselharan.org\/wp-content\/uploads\/2017\/06\/IMG_1896-1024x728.jpg\" alt=\"IMG_1896\" width=\"1024\" height=\"728\" srcset=\"https:\/\/www.conselharan.org\/wp-content\/uploads\/2017\/06\/IMG_1896-1024x728.jpg 1024w, https:\/\/www.conselharan.org\/wp-content\/uploads\/2017\/06\/IMG_1896-300x213.jpg 300w, https:\/\/www.conselharan.org\/wp-content\/uploads\/2017\/06\/IMG_1896-768x546.jpg 768w, https:\/\/www.conselharan.org\/wp-content\/uploads\/2017\/06\/IMG_1896.jpg 1280w\" sizes=\"(max-width: 1024px) 100vw, 1024px\" \/><\/a><\/p>\n<p>Les obres consisteixen en la realitzaci\u00f3 d&#8217;un drenatge perimetral i sota paviment amb la creaci\u00f3 d&#8217;un forjat sanitari. El paviment que es col\u00b7locar\u00e0 ser\u00e0 de fusta a la zona de bancs, i de pedra a la resta\u00a0 que \u00e9s la zona de m\u00e9s aflu\u00e8ncia de persones. Tamb\u00e9 s&#8217;eliminar\u00e0 l&#8217;escala actual d&#8217;acc\u00e9s al cor de l\u2019esgl\u00e9sia, deixant alliberada la portalada rom\u00e0nica d&#8217;acc\u00e9s a la esgl\u00e9sia anterior a la fa\u00e7ana nord. En un futur es construir\u00e0 una escala d&#8217;acc\u00e9s per la torre del campanar.<\/p>\n<p>Les obres son finan\u00e7ades pel mateix Conselh Generau d\u2019Aran, la Diputaci\u00f3 de Lleida i el bisbat d\u2019Urgell.<\/p>\n<p>Amb aquest seguit d\u2019actuacions, elements com la pila baptismal, seran reubicats per proporcionar una millor visi\u00f3 de la mateixa als visitants.<\/p>\n<p>La renovaci\u00f3 del paviment s&#8217;ha realitzat a la vegada per tal d&#8217;eliminar totes les barreres arquitect\u00f2niques possibles, eliminant els graons d&#8217;entrada i els graons laterals d&#8217;acc\u00e9s a les capelles, deixant-ho tot al mateix nivell. Al mateix temps s&#8217;ocultaran sota del paviment tots els cables de megafonia i electricitat.<\/p>\n<p>&nbsp;<\/p>\n<p><a href=\"http:\/\/www.conselharan.org\/wp-content\/uploads\/2017\/06\/20170601_084346.jpg\"><img loading=\"lazy\" decoding=\"async\" class=\"aligncenter size-large wp-image-17696\" src=\"http:\/\/www.conselharan.org\/wp-content\/uploads\/2017\/06\/20170601_084346-1024x768.jpg\" alt=\"20170601_084346\" width=\"1024\" height=\"768\" srcset=\"https:\/\/www.conselharan.org\/wp-content\/uploads\/2017\/06\/20170601_084346-1024x768.jpg 1024w, https:\/\/www.conselharan.org\/wp-content\/uploads\/2017\/06\/20170601_084346-300x225.jpg 300w, https:\/\/www.conselharan.org\/wp-content\/uploads\/2017\/06\/20170601_084346-768x576.jpg 768w, https:\/\/www.conselharan.org\/wp-content\/uploads\/2017\/06\/20170601_084346.jpg 1280w\" sizes=\"(max-width: 1024px) 100vw, 1024px\" \/><\/a> <a href=\"http:\/\/www.conselharan.org\/wp-content\/uploads\/2017\/06\/20170601_085816.jpg\"><img loading=\"lazy\" decoding=\"async\" class=\"aligncenter size-large wp-image-17697\" src=\"http:\/\/www.conselharan.org\/wp-content\/uploads\/2017\/06\/20170601_085816-1024x768.jpg\" alt=\"20170601_085816\" width=\"1024\" height=\"768\" srcset=\"https:\/\/www.conselharan.org\/wp-content\/uploads\/2017\/06\/20170601_085816-1024x768.jpg 1024w, https:\/\/www.conselharan.org\/wp-content\/uploads\/2017\/06\/20170601_085816-300x225.jpg 300w, https:\/\/www.conselharan.org\/wp-content\/uploads\/2017\/06\/20170601_085816-768x576.jpg 768w, https:\/\/www.conselharan.org\/wp-content\/uploads\/2017\/06\/20170601_085816.jpg 1280w\" sizes=\"(max-width: 1024px) 100vw, 1024px\" \/><\/a> <a href=\"http:\/\/www.conselharan.org\/wp-content\/uploads\/2017\/06\/20170605_100051.jpg\"><img loading=\"lazy\" decoding=\"async\" class=\"aligncenter size-large wp-image-17698\" src=\"http:\/\/www.conselharan.org\/wp-content\/uploads\/2017\/06\/20170605_100051-1024x768.jpg\" alt=\"20170605_100051\" width=\"1024\" height=\"768\" srcset=\"https:\/\/www.conselharan.org\/wp-content\/uploads\/2017\/06\/20170605_100051-1024x768.jpg 1024w, https:\/\/www.conselharan.org\/wp-content\/uploads\/2017\/06\/20170605_100051-300x225.jpg 300w, https:\/\/www.conselharan.org\/wp-content\/uploads\/2017\/06\/20170605_100051-768x576.jpg 768w, https:\/\/www.conselharan.org\/wp-content\/uploads\/2017\/06\/20170605_100051.jpg 1280w\" sizes=\"(max-width: 1024px) 100vw, 1024px\" \/><\/a><\/p>\n<p>&nbsp;<\/p>\n ","protected":false},"excerpt":{"rendered":"<p>Vielha, 9 de juny de 2017.- El Conselh Generau d\u2019Aran est\u00e0 duent a terme tota una s\u00e8rie d\u2019actuacions de rehabilitaci\u00f3 i millora a l\u2019esgl\u00e9sia de Nostra Senyora de Montgarri. Les obres consisteixen en la realitzaci\u00f3 d&#8217;un drenatge perimetral i sota paviment amb la creaci\u00f3 d&#8217;un forjat sanitari. El paviment que es col\u00b7locar\u00e0 ser\u00e0 de fusta&#8230;<\/p>\n","protected":false},"author":2,"featured_media":17695,"comment_status":"closed","ping_status":"closed","sticky":false,"template":"","format":"standard","meta":{"footnotes":""},"categories":[53],"tags":[],"_links":{"self":[{"href":"https:\/\/www.conselharan.org\/ca\/wp-json\/wp\/v2\/posts\/17702"}],"collection":[{"href":"https:\/\/www.conselharan.org\/ca\/wp-json\/wp\/v2\/posts"}],"about":[{"href":"https:\/\/www.conselharan.org\/ca\/wp-json\/wp\/v2\/types\/post"}],"author":[{"embeddable":true,"href":"https:\/\/www.conselharan.org\/ca\/wp-json\/wp\/v2\/users\/2"}],"replies":[{"embeddable":true,"href":"https:\/\/www.conselharan.org\/ca\/wp-json\/wp\/v2\/comments?post=17702"}],"version-history":[{"count":2,"href":"https:\/\/www.conselharan.org\/ca\/wp-json\/wp\/v2\/posts\/17702\/revisions"}],"predecessor-version":[{"id":17752,"href":"https:\/\/www.conselharan.org\/ca\/wp-json\/wp\/v2\/posts\/17702\/revisions\/17752"}],"wp:featuredmedia":[{"embeddable":true,"href":"https:\/\/www.conselharan.org\/ca\/wp-json\/wp\/v2\/media\/17695"}],"wp:attachment":[{"href":"https:\/\/www.conselharan.org\/ca\/wp-json\/wp\/v2\/media?parent=17702"}],"wp:term":[{"taxonomy":"category","embeddable":true,"href":"https:\/\/www.conselharan.org\/ca\/wp-json\/wp\/v2\/categories?post=17702"},{"taxonomy":"post_tag","embeddable":true,"href":"https:\/\/www.conselharan.org\/ca\/wp-json\/wp\/v2\/tags?post=17702"}],"curies":[{"name":"wp","href":"https:\/\/api.w.org\/{rel}","templated":true}]}}