{"id":17710,"date":"2017-06-09T14:27:30","date_gmt":"2017-06-09T12:27:30","guid":{"rendered":"http:\/\/www.conselharan.org\/ca\/?p=17710"},"modified":"2017-06-09T14:27:30","modified_gmt":"2017-06-09T12:27:30","slug":"campanya-de-conscienciacio-del-conselh-generau-daran-entre-els-grans-productors-de-fraccio-organica-del-baish-aran","status":"publish","type":"post","link":"https:\/\/www.conselharan.org\/ca\/campanya-de-conscienciacio-del-conselh-generau-daran-entre-els-grans-productors-de-fraccio-organica-del-baish-aran\/","title":{"rendered":"Campanya de conscienciaci\u00f3 del Conselh Generau d\u2019Aran entre els grans productors de fracci\u00f3 org\u00e0nica del Baish Aran"},"content":{"rendered":"<p>Vielha, 9 de juny de 2017.- El Conselh Generau d\u2019Aran dur\u00e0 a terme durant aquest mes de juny una campanya de conscienciaci\u00f3 intensiva entre els grans productors de fracci\u00f3 org\u00e0nica de residus als municipis del Baish Aran.<\/p>\n<p><a href=\"http:\/\/www.conselharan.org\/wp-content\/uploads\/2017\/06\/file-1.jpg\"><img loading=\"lazy\" decoding=\"async\" class=\"aligncenter size-large wp-image-17706\" src=\"http:\/\/www.conselharan.org\/wp-content\/uploads\/2017\/06\/file-1-1024x713.jpg\" alt=\"file-1\" width=\"1024\" height=\"713\" srcset=\"https:\/\/www.conselharan.org\/wp-content\/uploads\/2017\/06\/file-1-1024x713.jpg 1024w, https:\/\/www.conselharan.org\/wp-content\/uploads\/2017\/06\/file-1-300x209.jpg 300w, https:\/\/www.conselharan.org\/wp-content\/uploads\/2017\/06\/file-1-768x535.jpg 768w\" sizes=\"(max-width: 1024px) 100vw, 1024px\" \/><\/a><\/p>\n<p>La campanya consistir\u00e0 en unes visites personalitzades als establiments dels sectors hoteler i restaurador, potencials productors de fracci\u00f3 org\u00e0nica, a fi de detectar mancances i necessitats per a facilitar la incorporaci\u00f3 i participaci\u00f3 dels establiments en el servei que el Conselh Generau d\u2019Aran ja t\u00e9 establert amb cinc dies de recollida di\u00e0ria de la fracci\u00f3 org\u00e0nica separada en origen a traves de la concession\u00e0ria del servei Romero Polo, SA.<\/p>\n<p>Despr\u00e8s dels positius resultats de la campanya del passat hivern al Naut Aran, el Conselh ha considerat molt interessant de promoure una acci\u00f3 similar a la resta del territori durant l\u2019estiu.<\/p>\n<p>En el marc de l\u2019any Internacional del Turisme Sostenible pel Desenvolupament,\u00a0 el Conselh Generau d\u2019Aran segueix apostant per aquest tipus d\u2019accions que consolidin el territori com una destinaci\u00f3 tur\u00edstica\u00a0 respectuosa amb el medi ambient. La Val d\u2019Aran va ser el primer territori de muntanya en aconseguir la certificaci\u00f3 Biosphere que l\u2019acredita com a destinaci\u00f3 tur\u00edstica amb gesti\u00f3 responsable i desenvolupament sostenible.<\/p>\n<p>&nbsp;<\/p>\n<p>&nbsp;<\/p>\n<p>&nbsp;<\/p>\n<p>&nbsp;<\/p>\n ","protected":false},"excerpt":{"rendered":"<p>Vielha, 9 de juny de 2017.- El Conselh Generau d\u2019Aran dur\u00e0 a terme durant aquest mes de juny una campanya de conscienciaci\u00f3 intensiva entre els grans productors de fracci\u00f3 org\u00e0nica de residus als municipis del Baish Aran. La campanya consistir\u00e0 en unes visites personalitzades als establiments dels sectors hoteler i restaurador, potencials productors de fracci\u00f3&#8230;<\/p>\n","protected":false},"author":2,"featured_media":17706,"comment_status":"closed","ping_status":"closed","sticky":false,"template":"","format":"standard","meta":{"footnotes":""},"categories":[33],"tags":[],"_links":{"self":[{"href":"https:\/\/www.conselharan.org\/ca\/wp-json\/wp\/v2\/posts\/17710"}],"collection":[{"href":"https:\/\/www.conselharan.org\/ca\/wp-json\/wp\/v2\/posts"}],"about":[{"href":"https:\/\/www.conselharan.org\/ca\/wp-json\/wp\/v2\/types\/post"}],"author":[{"embeddable":true,"href":"https:\/\/www.conselharan.org\/ca\/wp-json\/wp\/v2\/users\/2"}],"replies":[{"embeddable":true,"href":"https:\/\/www.conselharan.org\/ca\/wp-json\/wp\/v2\/comments?post=17710"}],"version-history":[{"count":1,"href":"https:\/\/www.conselharan.org\/ca\/wp-json\/wp\/v2\/posts\/17710\/revisions"}],"predecessor-version":[{"id":17711,"href":"https:\/\/www.conselharan.org\/ca\/wp-json\/wp\/v2\/posts\/17710\/revisions\/17711"}],"wp:featuredmedia":[{"embeddable":true,"href":"https:\/\/www.conselharan.org\/ca\/wp-json\/wp\/v2\/media\/17706"}],"wp:attachment":[{"href":"https:\/\/www.conselharan.org\/ca\/wp-json\/wp\/v2\/media?parent=17710"}],"wp:term":[{"taxonomy":"category","embeddable":true,"href":"https:\/\/www.conselharan.org\/ca\/wp-json\/wp\/v2\/categories?post=17710"},{"taxonomy":"post_tag","embeddable":true,"href":"https:\/\/www.conselharan.org\/ca\/wp-json\/wp\/v2\/tags?post=17710"}],"curies":[{"name":"wp","href":"https:\/\/api.w.org\/{rel}","templated":true}]}}