{"id":17720,"date":"2017-06-10T21:07:09","date_gmt":"2017-06-10T19:07:09","guid":{"rendered":"http:\/\/www.conselharan.org\/ca\/?p=17720"},"modified":"2017-06-10T21:07:09","modified_gmt":"2017-06-10T19:07:09","slug":"acte-de-lliurament-dels-premis-literaris-xxviie-mossen-condo-sambeat-xviie-aran-de-literatura-xe-concurs-de-dibuix-ve-de-comic-i-xe-de-teatre-a-lescola","status":"publish","type":"post","link":"https:\/\/www.conselharan.org\/ca\/acte-de-lliurament-dels-premis-literaris-xxviie-mossen-condo-sambeat-xviie-aran-de-literatura-xe-concurs-de-dibuix-ve-de-comic-i-xe-de-teatre-a-lescola\/","title":{"rendered":"Acte de lliurament dels Premis Literaris XXVII\u00e8 Mossen Cond\u00f2 Sambeat, XVII\u00e8 Aran de Literatura, X\u00e8 Concurs de Dibuix, V\u00e8 de C\u00f2mic i X\u00e8 de Teatre a l\u2019Escola"},"content":{"rendered":"<p>Vielha, 10 de juny de 2017.- Un any m\u00e9s el<strong> Conselh Generau d\u2019Aran<\/strong>, dins el marc de la Festa d\u2019Aran, ha organitzat l\u2019acte de lliurament del <strong>XXVII\u00e8 Mn. Cond\u00f2 Sambeat, XVII\u00e8na edici\u00f3 del Premi Aran de Literatura, X\u00e8 Concurs de Dibuix a l\u2019Escola i V\u00e8 Concurs de C\u00f2mic a l\u2019Escola, i del X\u00e8 Festival de Teatre a l\u2019Escola.<\/strong><\/p>\n<p><a href=\"http:\/\/www.conselharan.org\/wp-content\/uploads\/2017\/06\/IMG_4149.jpg\"><img loading=\"lazy\" decoding=\"async\" class=\"aligncenter size-large wp-image-17717\" src=\"http:\/\/www.conselharan.org\/wp-content\/uploads\/2017\/06\/IMG_4149-1024x768.jpg\" alt=\"IMG_4149\" width=\"1024\" height=\"768\" srcset=\"https:\/\/www.conselharan.org\/wp-content\/uploads\/2017\/06\/IMG_4149-1024x768.jpg 1024w, https:\/\/www.conselharan.org\/wp-content\/uploads\/2017\/06\/IMG_4149-300x225.jpg 300w, https:\/\/www.conselharan.org\/wp-content\/uploads\/2017\/06\/IMG_4149-768x576.jpg 768w\" sizes=\"(max-width: 1024px) 100vw, 1024px\" \/><\/a><\/p>\n<p>L\u2019acte que aquest any ha canviat d\u2019ubicaci\u00f3 davant de la gran assist\u00e8ncia de p\u00fablic en anteriors edicions, s\u2019ha celebrat a l\u2019esgl\u00e9sia de Mijaran i ha estat presidit pel s\u00edndic d\u2019Aran, Carlos Barrera, acompanyat del vicesindic d\u2019Aran, Lu\u00eds Carlos Medina, del conselh\u00e8r de d\u2019Agricultura, Ramaderia e Medi Naturau, Jose Enrique Arr\u00f3, entre d\u2019altres.<\/p>\n<p>El sindic d\u2019Aran <strong>Carlos Barrera<\/strong>, ha explicat que premis com el Moss\u00e8n Cond\u00f2 Sambeat s\u00f3n imprescindibles per a la defensa i l&#8217;\u00fas social de la llengua aranesa. Dirigint-se als m\u00e9s joves ha dit que s\u00f3n ells els que en un futur hauran de defensar dins i fora del pa\u00eds aquest digne d&#8217;identitat que representa l&#8217;aran\u00e8s.<\/p>\n<p><a href=\"http:\/\/www.conselharan.org\/wp-content\/uploads\/2017\/06\/IMG_4273.jpg\"><img loading=\"lazy\" decoding=\"async\" class=\"aligncenter size-large wp-image-17716\" src=\"http:\/\/www.conselharan.org\/wp-content\/uploads\/2017\/06\/IMG_4273-1024x768.jpg\" alt=\"IMG_4273\" width=\"1024\" height=\"768\" srcset=\"https:\/\/www.conselharan.org\/wp-content\/uploads\/2017\/06\/IMG_4273-1024x768.jpg 1024w, https:\/\/www.conselharan.org\/wp-content\/uploads\/2017\/06\/IMG_4273-300x225.jpg 300w, https:\/\/www.conselharan.org\/wp-content\/uploads\/2017\/06\/IMG_4273-768x576.jpg 768w\" sizes=\"(max-width: 1024px) 100vw, 1024px\" \/><\/a><\/p>\n<p>En la seva intervenci\u00f3 davant del nombr\u00f3s p\u00fablic assistent, el vicesindic d\u2019Aran, <strong>Lu\u00eds<\/strong> <strong>Carlos Medina<\/strong>, ha destacat la import\u00e0ncia de poder celebrar la 27\u00e8na edici\u00f3 del premi Mossen Cond\u00f2 Sambeat, pel que significa pels aranesos i per les futures generacions, assenyalant que un poble amb cultura \u00e9s un poble amb futur i la responsabilitat de les institucions \u00e9s implicar-se al m\u00e0xim en el desenvolupament cultural del pa\u00eds.<\/p>\n<p><a href=\"http:\/\/www.conselharan.org\/wp-content\/uploads\/2017\/06\/IMG_4244.jpg\"><img loading=\"lazy\" decoding=\"async\" class=\"aligncenter size-large wp-image-17718\" src=\"http:\/\/www.conselharan.org\/wp-content\/uploads\/2017\/06\/IMG_4244-1024x768.jpg\" alt=\"IMG_4244\" width=\"1024\" height=\"768\" srcset=\"https:\/\/www.conselharan.org\/wp-content\/uploads\/2017\/06\/IMG_4244-1024x768.jpg 1024w, https:\/\/www.conselharan.org\/wp-content\/uploads\/2017\/06\/IMG_4244-300x225.jpg 300w, https:\/\/www.conselharan.org\/wp-content\/uploads\/2017\/06\/IMG_4244-768x576.jpg 768w\" sizes=\"(max-width: 1024px) 100vw, 1024px\" \/><\/a><\/p>\n<p>Els premiats d\u2019aquesta edici\u00f3 han estat:<\/p>\n<p>&nbsp;<\/p>\n<p><strong>XXVIIau edicion deth pr\u00e8mi de Literatura Infantila e Juvenila, Mn. Cond\u00f2 Sambeat<\/strong><\/p>\n<p><strong><u>\u00a0<\/u><\/strong><\/p>\n<p><strong><u>Categoria Narracion<\/u><\/strong><\/p>\n<p><strong>Niv\u00e8u A<\/strong><\/p>\n<p>Acc\u00e8ssits a <strong>Pau Gregorio Valls<\/strong> e <strong>D\u00e0nae Sanllehy Sellart<\/strong><\/p>\n<p>Finalista a <strong>Nora Olivella Rodr\u00edguez<\/strong><\/p>\n<p>1\u00e8r Pr\u00e8mi a <strong>Patr\u00edcia Roig Fern\u00e1ndez-Vallmayor<\/strong><\/p>\n<p><strong>Niv\u00e8u B<\/strong><\/p>\n<p>2au Acc\u00e8ssit a <strong>Paula Palacin Batmala<\/strong><\/p>\n<p>1\u00e8r Acc\u00e8ssit a <strong>Isabel Vidal Adem\u00e0<\/strong><\/p>\n<p>Finalista a <strong>Claudia Capdevila Espa\u00f1a<\/strong><\/p>\n<p>1\u00e8r Pr\u00e8mi a <strong>Ares Comas Monge<\/strong><\/p>\n<p><strong>Niv\u00e8u C<\/strong><\/p>\n<p>Acc\u00e8ssits a <strong>Mar\u00eda Sanz Rodr\u00edguez<\/strong> e <strong>Ana Sanz Rodr\u00edguez<\/strong><\/p>\n<p>Finalista a <strong>Sara Barba Molins<\/strong><\/p>\n<p>1\u00e8r pr\u00e8mi a <strong>Ariadna Rodr\u00edguez Torres<\/strong><\/p>\n<p>&nbsp;<\/p>\n<p><strong><u>Categoria Poesia<\/u><\/strong><\/p>\n<p><strong>Niv\u00e8u A<\/strong><\/p>\n<p>2au Acc\u00e8ssit a <strong>Vega Carrera S\u00e1nchez<\/strong><\/p>\n<p>1\u00e8r Acc\u00e8ssit a <strong>David L\u00f3pez Sol\u00e9<\/strong><\/p>\n<p>Finalista a <strong>D\u00e0nae Sanllehy Sellart<\/strong><\/p>\n<p>1\u00e8r Pr\u00e8mi a <strong>Gala Garc\u00eda Moga<\/strong><\/p>\n<p><strong>Niv\u00e8u B<\/strong><\/p>\n<p>2au Acc\u00e8ssit a <strong>Jordi Barbal<\/strong><\/p>\n<p>1\u00e8r Acc\u00e8ssit a<strong> J\u00falia S\u00e1nchez Gonz\u00e1lez<\/strong><\/p>\n<p>Finalista a <strong>Claudia Capdevila Espa\u00f1a<\/strong><\/p>\n<p>1\u00e8r Pr\u00e8mi a <strong>Ferran P\u00e9rez Gregorio<\/strong><\/p>\n<p><strong>Niv\u00e8u C<\/strong><\/p>\n<p>Acc\u00e8ssits a <strong>Asma Largo Yagobi<\/strong> e <strong>Ma.Jos\u00e9 Mola Abadia<\/strong><\/p>\n<p>Finalista a <strong>Mohamed Largo<\/strong><\/p>\n<p>1\u00e8r Pr\u00e8mi a <strong>Ares Capdevila Espa\u00f1a<\/strong><\/p>\n<p><strong>\u00a0<\/strong><\/p>\n<p><strong>XVIIau edicion deth Pr\u00e8mi Aran de Literatura<\/strong><\/p>\n<p><strong><u>Categoria Narracion<\/u><\/strong><\/p>\n<p>Acc\u00e8ssit ara \u00f2bra <strong>Es cinc animaus<\/strong> de <strong>Clara Estrada Ense\u00f1at.<\/strong><\/p>\n<p>&nbsp;<\/p>\n<p><strong><u>Categoria Poesia<\/u><\/strong><\/p>\n<p>2au Acc\u00e8ssit a <strong>Eth vielh e eth Prat<\/strong> de <strong>T\u00f2ni Escala<\/strong><\/p>\n<p>1\u00e8r Acc\u00e8ssit a <strong>Lo tringle de la lenga gascoa<\/strong> de <strong>Patrick Verdier<\/strong><\/p>\n<p>Finalista a <strong>Haik\u00f3s, tanques e d\u2019autes esp\u00e8cies estranhes<\/strong> de Xavi Guti\u00e9rrez Riu<\/p>\n<p>1\u00e8r Pr\u00e8mi a <strong>Pr\u00edncep de Pluton<\/strong> de <strong>Marcos Nart Moga<\/strong><\/p>\n<p>&nbsp;<\/p>\n<p><strong><u>Categoria Nov\u00e8lla Juvenila<\/u><\/strong><\/p>\n<p>Acc\u00e8ssit a <strong>Candela<\/strong> de <strong>Cristina Ense\u00f1at Beso<\/strong><\/p>\n<p>Finalista a <strong>Lo Ju\u00f2c de l\u2019\u00c8ime prim<\/strong> de<strong> <em>Jean Cristophe Dourdet<\/em><\/strong><\/p>\n<p>1\u00e8r Pr\u00e8mi a <strong>Loanh e lo Drac<\/strong> d\u2019<strong>Amy Cros<\/strong><\/p>\n<p>&nbsp;<\/p>\n<p><strong>Xau Concors de Diboish ena Esc\u00f2la e Vau Concors de Comic<\/strong><\/p>\n<p><strong><u>Concors de Diboish<\/u><\/strong><\/p>\n<p><strong><u>Categoria 1\u00e8r e 2au de Prim\u00e0ria<\/u><\/strong><\/p>\n<p>Acc\u00e8ssits a <strong>Pablo Rodr\u00edguez Salva\u00f1\u00e1 e Al\u00e8xia De\u00f3 Marchal<\/strong><\/p>\n<p>Finalista a <strong>Valeria Torres S\u00e1nchez<\/strong><\/p>\n<p>1\u00e8r Pr\u00e8mi a <strong>Jan Puyol Ru\u00edz<\/strong><\/p>\n<p>&nbsp;<\/p>\n<p><strong><u>Categoria 3au e 4au de Prim\u00e0ria<\/u><\/strong><\/p>\n<p>Acc\u00e8ssits a <strong>Mart\u00ed Badia Bruna e Manu Est\u00e9vez Hila<\/strong><\/p>\n<p>Finalista a <strong>Pau Rodr\u00edguez Amiell<\/strong><\/p>\n<p>1\u00e8r Pr\u00e8mi a <strong>In\u00e9s Rodr\u00edguez Nieto<\/strong><\/p>\n<p>&nbsp;<\/p>\n<p><strong><u>Categoria 5au e 6au de Prim\u00e0ria<\/u><\/strong><\/p>\n<p>Acc\u00e8ssits a <strong>Adrian G\u00f3mez Rodr\u00edguez e Merc\u00e9 Ense\u00f1at<\/strong><\/p>\n<p>Finalista a <strong>Gala Garc\u00eda Moga<\/strong><\/p>\n<p>1\u00e8r Pr\u00e8mi a <strong>Rita Alonso<\/strong><\/p>\n<p><strong><u>\u00a0<\/u><\/strong><\/p>\n<p><strong><u>Concors de Comic<\/u><\/strong><\/p>\n<p><strong><u>Categoria 1\u00e8r e 2au d\u2019ESO <\/u><\/strong><\/p>\n<p>Acc\u00e8ssits a <strong>Ares Comas Monge e David Paules Modamio<\/strong><\/p>\n<p>Finalista a <strong>Claudia Capdevila Espa\u00f1a<\/strong><\/p>\n<p>1\u00e8r Pr\u00e8mi a <strong>Luc\u00eda Manero Garc\u00eda<\/strong><\/p>\n<p>&nbsp;<\/p>\n<p><strong><u>Categoria 3au e 4au d\u2019ESO<\/u><\/strong><\/p>\n<p>Acc\u00e8ssits a <strong>Jana Ros e \u00c0lex Godoy Sol\u00e9<\/strong><\/p>\n<p>Finalista a <strong>Ariadna Rodr\u00edguez Torres<\/strong><\/p>\n<p>1\u00e8r Pr\u00e8mi a <strong>Aleix Filloy Cavero<\/strong><\/p>\n<p>&nbsp;<\/p>\n<p><strong><u>Categoria Bachelierat Professionau<\/u><\/strong><\/p>\n<p>Acc\u00e8ssit a <strong>Joel Moreno Hurtado<\/strong><\/p>\n<p><strong>\u00a0<\/strong><\/p>\n<p>Els guardons rebuts pels premiats s\u00f3n obra de l&#8217;artes\u00e0 Michel Ariza, consistents en un Haro en fusta volada que recorda la festa del foc proclamada per la UNESCO Patrimoni Immaterial de la Humanitat.<\/p>\n<p>La part musical del lliurament de premis ha anat a c\u00e0rrec de l&#8217;Orquestra de guitarres de l&#8217;Escola de M\u00fasica de la Val d&#8217;Aran. Aquesta orquestra \u00e9s dirigida per Mario Pe\u00f1a i Lillo i els guitarristes s\u00f3n: Ares Guirado, Beltran Gonz\u00e1lez, Berta Mir\u00f3, Cleo Espanya, Eugenia Delgado, Jana Fern\u00e1ndez, Joel Belmonte i el mateix director, Mario Pe\u00f1a i Lillo.<\/p>\n<p>&nbsp;<\/p>\n<p>&nbsp;<\/p>\n<p>&nbsp;<\/p>\n<p>&nbsp;<\/p>\n<p>&nbsp;<\/p>\n<p>&nbsp;<\/p>\n ","protected":false},"excerpt":{"rendered":"<p>Vielha, 10 de juny de 2017.- Un any m\u00e9s el Conselh Generau d\u2019Aran, dins el marc de la Festa d\u2019Aran, ha organitzat l\u2019acte de lliurament del XXVII\u00e8 Mn. Cond\u00f2 Sambeat, XVII\u00e8na edici\u00f3 del Premi Aran de Literatura, X\u00e8 Concurs de Dibuix a l\u2019Escola i V\u00e8 Concurs de C\u00f2mic a l\u2019Escola, i del X\u00e8 Festival de&#8230;<\/p>\n","protected":false},"author":2,"featured_media":17717,"comment_status":"closed","ping_status":"closed","sticky":false,"template":"","format":"standard","meta":{"footnotes":""},"categories":[53,133,36],"tags":[],"_links":{"self":[{"href":"https:\/\/www.conselharan.org\/ca\/wp-json\/wp\/v2\/posts\/17720"}],"collection":[{"href":"https:\/\/www.conselharan.org\/ca\/wp-json\/wp\/v2\/posts"}],"about":[{"href":"https:\/\/www.conselharan.org\/ca\/wp-json\/wp\/v2\/types\/post"}],"author":[{"embeddable":true,"href":"https:\/\/www.conselharan.org\/ca\/wp-json\/wp\/v2\/users\/2"}],"replies":[{"embeddable":true,"href":"https:\/\/www.conselharan.org\/ca\/wp-json\/wp\/v2\/comments?post=17720"}],"version-history":[{"count":1,"href":"https:\/\/www.conselharan.org\/ca\/wp-json\/wp\/v2\/posts\/17720\/revisions"}],"predecessor-version":[{"id":17721,"href":"https:\/\/www.conselharan.org\/ca\/wp-json\/wp\/v2\/posts\/17720\/revisions\/17721"}],"wp:featuredmedia":[{"embeddable":true,"href":"https:\/\/www.conselharan.org\/ca\/wp-json\/wp\/v2\/media\/17717"}],"wp:attachment":[{"href":"https:\/\/www.conselharan.org\/ca\/wp-json\/wp\/v2\/media?parent=17720"}],"wp:term":[{"taxonomy":"category","embeddable":true,"href":"https:\/\/www.conselharan.org\/ca\/wp-json\/wp\/v2\/categories?post=17720"},{"taxonomy":"post_tag","embeddable":true,"href":"https:\/\/www.conselharan.org\/ca\/wp-json\/wp\/v2\/tags?post=17720"}],"curies":[{"name":"wp","href":"https:\/\/api.w.org\/{rel}","templated":true}]}}