{"id":17768,"date":"2017-06-14T17:53:45","date_gmt":"2017-06-14T15:53:45","guid":{"rendered":"http:\/\/www.conselharan.org\/ca\/?p=17768"},"modified":"2017-06-14T17:53:45","modified_gmt":"2017-06-14T15:53:45","slug":"reunio-de-la-comissio-bilateral-govern-de-la-generalitat-conselh-generau-daran","status":"publish","type":"post","link":"https:\/\/www.conselharan.org\/ca\/reunio-de-la-comissio-bilateral-govern-de-la-generalitat-conselh-generau-daran\/","title":{"rendered":"Reuni\u00f3 de la Comissi\u00f3 Bilateral Govern de la Generalitat- Conselh Generau d\u2019Aran"},"content":{"rendered":"<p>Vielha, 14 de juny de 2017.- Ahir dimarts es va convocar a la seu del departament de Governaci\u00f3, Administracions P\u00fabliques i Habitatge, la Comissi\u00f3 Bilateral Govern de la Generalitat- Conselh Generau d\u2019Aran.<\/p>\n<p>La reuni\u00f3 va ser presidida per la consellera de Governaci\u00f3, <strong>Meritxell Borr\u00e0s<\/strong>, i pel sindic d\u2019Aran, <strong>Carlos Barrera<\/strong>. Tamb\u00e9 hi van assistir el vicesindic d\u2019Aran, Lu\u00eds Carlos Medina, i els conselh\u00e8rs Cesar Ru\u00edz Canela, Jos\u00e9 Antonio Boya i Anna D\u00edaz, en representaci\u00f3 del Gov\u00e8rn d\u2019Aran, i Frances Boya, conselh\u00e8r d\u2019UA.<\/p>\n<p><a href=\"http:\/\/www.conselharan.org\/wp-content\/uploads\/2017\/06\/Comision-Bilaterau.jpeg\"><img loading=\"lazy\" decoding=\"async\" class=\"aligncenter size-large wp-image-17764\" src=\"http:\/\/www.conselharan.org\/wp-content\/uploads\/2017\/06\/Comision-Bilaterau-1024x682.jpeg\" alt=\"Comision Bilaterau\" width=\"1024\" height=\"682\" srcset=\"https:\/\/www.conselharan.org\/wp-content\/uploads\/2017\/06\/Comision-Bilaterau-1024x682.jpeg 1024w, https:\/\/www.conselharan.org\/wp-content\/uploads\/2017\/06\/Comision-Bilaterau-300x200.jpeg 300w, https:\/\/www.conselharan.org\/wp-content\/uploads\/2017\/06\/Comision-Bilaterau-768x512.jpeg 768w, https:\/\/www.conselharan.org\/wp-content\/uploads\/2017\/06\/Comision-Bilaterau.jpeg 1600w\" sizes=\"(max-width: 1024px) 100vw, 1024px\" \/><\/a><\/p>\n<p>La Comissi\u00f3 va acordar la transfer\u00e8ncia al Conselh Generau d\u2019Aran de 163.000\u20ac per a la millora de camins, i la transfer\u00e8ncia de la gesti\u00f3 de l\u2019heliport situat la boca sud del t\u00fanel de Vielha.<\/p>\n<p>En la reuni\u00f3 es va aprovar l\u2019acord de finan\u00e7ament entre la Generalitat de Catalunya i el Conselh Generau d\u2019Aran per al 2017, per un import de 23.474.428, 50 \u20ac, que suposa un increment d\u20191.407.701,14 \u20ac respecte del 2016.<\/p>\n<p>Per aquest 2017, en l\u2019\u00e0mbit de Salut, es va acordar la transfer\u00e8ncia al Conselh Generau d\u2019Aran de 500.000 \u20ac destinats a l\u2019ampliaci\u00f3 de l\u2019\u00e0rea quir\u00fargica de l\u2019Espitau Val d\u2019Aran, aix\u00ed com una altra transfer\u00e8ncia de 250.000 \u20ac destinats al finan\u00e7ament ordinari de l\u2019Espitau.<\/p>\n<p>A la reuni\u00f3 de la Comissi\u00f3 Bilateral, tamb\u00e9 es va tractar sobre el trasp\u00e0s de compet\u00e8ncies al Conselh Generau d\u2019Aran per a la creaci\u00f3 de federacions esportives pr\u00f2pies d\u2019Aran, que es troba en fase d\u2019informaci\u00f3 per part dels experts i pendent de l\u2019informe per part del departament de Presid\u00e8ncia del Govern de la Generalitat.<\/p>\n<p>Finalment, el sindic d\u2019Aran, va reclamar que el m\u00e9s aviat possible la Comissi\u00f3 Bilateral transfereixi la dotaci\u00f3 econ\u00f2mica corresponent a la creaci\u00f3 de 30 places de resid\u00e8ncia geri\u00e0trica i 10 de centre de dia, per a la nova resid\u00e8ncia geri\u00e0trica que el Conselh Generau d\u2019Aran vol construir a Les.<\/p>\n<p>En paraules del sindic d\u2019Aran, Carlos Barrera, \u201cpel Conselh Generau d\u2019Aran els \u00e0mbits de salut i benestar s\u00f3n prioritaris. L\u2019eix principal de la gesti\u00f3 del Govern d\u2019Aran s\u00f3n les persones, i amb aquest objectiu treballem\u201d.<\/p>\n<p>&nbsp;<\/p>\n<p>&nbsp;<\/p>\n<p>&nbsp;<\/p>\n ","protected":false},"excerpt":{"rendered":"<p>Vielha, 14 de juny de 2017.- Ahir dimarts es va convocar a la seu del departament de Governaci\u00f3, Administracions P\u00fabliques i Habitatge, la Comissi\u00f3 Bilateral Govern de la Generalitat- Conselh Generau d\u2019Aran. La reuni\u00f3 va ser presidida per la consellera de Governaci\u00f3, Meritxell Borr\u00e0s, i pel sindic d\u2019Aran, Carlos Barrera. Tamb\u00e9 hi van assistir el&#8230;<\/p>\n","protected":false},"author":2,"featured_media":17764,"comment_status":"closed","ping_status":"closed","sticky":false,"template":"","format":"standard","meta":{"footnotes":""},"categories":[53,36],"tags":[],"_links":{"self":[{"href":"https:\/\/www.conselharan.org\/ca\/wp-json\/wp\/v2\/posts\/17768"}],"collection":[{"href":"https:\/\/www.conselharan.org\/ca\/wp-json\/wp\/v2\/posts"}],"about":[{"href":"https:\/\/www.conselharan.org\/ca\/wp-json\/wp\/v2\/types\/post"}],"author":[{"embeddable":true,"href":"https:\/\/www.conselharan.org\/ca\/wp-json\/wp\/v2\/users\/2"}],"replies":[{"embeddable":true,"href":"https:\/\/www.conselharan.org\/ca\/wp-json\/wp\/v2\/comments?post=17768"}],"version-history":[{"count":1,"href":"https:\/\/www.conselharan.org\/ca\/wp-json\/wp\/v2\/posts\/17768\/revisions"}],"predecessor-version":[{"id":17769,"href":"https:\/\/www.conselharan.org\/ca\/wp-json\/wp\/v2\/posts\/17768\/revisions\/17769"}],"wp:featuredmedia":[{"embeddable":true,"href":"https:\/\/www.conselharan.org\/ca\/wp-json\/wp\/v2\/media\/17764"}],"wp:attachment":[{"href":"https:\/\/www.conselharan.org\/ca\/wp-json\/wp\/v2\/media?parent=17768"}],"wp:term":[{"taxonomy":"category","embeddable":true,"href":"https:\/\/www.conselharan.org\/ca\/wp-json\/wp\/v2\/categories?post=17768"},{"taxonomy":"post_tag","embeddable":true,"href":"https:\/\/www.conselharan.org\/ca\/wp-json\/wp\/v2\/tags?post=17768"}],"curies":[{"name":"wp","href":"https:\/\/api.w.org\/{rel}","templated":true}]}}