{"id":17794,"date":"2017-06-15T18:32:49","date_gmt":"2017-06-15T16:32:49","guid":{"rendered":"http:\/\/www.conselharan.org\/ca\/?p=17794"},"modified":"2017-06-16T14:08:01","modified_gmt":"2017-06-16T12:08:01","slug":"actes-de-la-hesta-daran-2017","status":"publish","type":"post","link":"https:\/\/www.conselharan.org\/ca\/actes-de-la-hesta-daran-2017\/","title":{"rendered":"Actes de la H\u00e8sta d&#8217;Aran 2017"},"content":{"rendered":"<p><a href=\"http:\/\/www.conselharan.org\/wp-content\/uploads\/2017\/06\/H\u00e8sta-dAran-2016-132-1.jpg\"><img loading=\"lazy\" decoding=\"async\" class=\"aligncenter size-large wp-image-17790\" src=\"http:\/\/www.conselharan.org\/wp-content\/uploads\/2017\/06\/H\u00e8sta-dAran-2016-132-1-1024x713.jpg\" alt=\"H\u00e8sta d'Aran 2016 (132)\" width=\"1024\" height=\"713\" srcset=\"https:\/\/www.conselharan.org\/wp-content\/uploads\/2017\/06\/H\u00e8sta-dAran-2016-132-1-1024x713.jpg 1024w, https:\/\/www.conselharan.org\/wp-content\/uploads\/2017\/06\/H\u00e8sta-dAran-2016-132-1-300x209.jpg 300w, https:\/\/www.conselharan.org\/wp-content\/uploads\/2017\/06\/H\u00e8sta-dAran-2016-132-1-768x535.jpg 768w\" sizes=\"(max-width: 1024px) 100vw, 1024px\" \/><\/a><\/p>\n<p>Vielha, 15 de junh de 2017.- Eth dissabte 17 de junh actes de celebracion dera H\u00e8sta d\u2019Aran 2017.<\/p>\n<p><strong>Programa d\u2019actes dera H\u00e8sta d\u2019Aran:<\/strong><\/p>\n<p><strong>\u00a0<\/strong><\/p>\n<p><strong>Dissabte, dia 17 de junh de 2017<\/strong><\/p>\n<p><strong>\u00a0<\/strong><\/p>\n<p><strong>10:30 h.<\/strong>\u00a0<strong>Signatura<\/strong>\u00a0ac\u00f2rd finan\u00e7ament entre Generalitat de Catalunya e eth Conselh Generau d&#8217;Aran tath 2017 ena seden\u00e7a deth Conselh Generau d&#8217;Aran. Hble. Sra. Meritxell Borr\u00e0s, conselh\u00e8ra de Governacion e eth Mgfc. Sr. Carlos Barrera, sindic d\u2019Aran.<\/p>\n<p><strong>11:00 h.<\/strong>\u00a0<strong>Recepcion<\/strong>\u00a0deth sindic d\u2019Aran, Carlos Barrera a totes es autoritats e convidats ena seden\u00e7a deth Conselh Generau d&#8217;Aran.<\/p>\n<p><strong>11:30 h.<\/strong>\u00a0<strong>Desfilada<\/strong>\u00a0de pendons amiadi per representants de cada ter\u00e7on enquiath santuari de N\u00f2sta Senhora de Mijaran.<\/p>\n<p><strong>12:00 h.<\/strong>\u00a0<strong>Missa<\/strong>\u00a0solemna celebrada en Santuari de N\u00f2sta Senhora de Mijaran<\/p>\n<p><strong>13:00<\/strong>\u00a0<strong>h.<\/strong>\u00a0<strong>Acte institucionau<\/strong>\u00a0dera H\u00e8sta d\u2019Aran. L\u00f2c: Ro\u00efnes der antic Santuari de Mijaran.<\/p>\n<p>&#8211;\u00a0 Issada de band\u00e8ra: Pompi\u00e8rs d&#8217;Aran, ua parelah de dan\u00e7aires.<\/p>\n<p>&#8211;\u00a0 Imne.<\/p>\n<p>&#8211;\u00a0 Parlaments d\u2019autoritats: sindic e conselh\u00e8ra de Governacion.<\/p>\n<p>&#8211;\u00a0 Dances araneses.<\/p>\n<p>Ara seguida se servir\u00e0 un refrigeri ent\u00e0 toti es assistents.<\/p>\n ","protected":false},"excerpt":{"rendered":"<p>Vielha, 15 de junh de 2017.- Eth dissabte 17 de junh actes de celebracion dera H\u00e8sta d\u2019Aran 2017. Programa d\u2019actes dera H\u00e8sta d\u2019Aran: \u00a0 Dissabte, dia 17 de junh de 2017 \u00a0 10:30 h.\u00a0Signatura\u00a0ac\u00f2rd finan\u00e7ament entre Generalitat de Catalunya e eth Conselh Generau d&#8217;Aran tath 2017 ena seden\u00e7a deth Conselh Generau d&#8217;Aran. Hble. Sra. Meritxell&#8230;<\/p>\n","protected":false},"author":2,"featured_media":17790,"comment_status":"closed","ping_status":"closed","sticky":false,"template":"","format":"standard","meta":{"footnotes":""},"categories":[53],"tags":[],"_links":{"self":[{"href":"https:\/\/www.conselharan.org\/ca\/wp-json\/wp\/v2\/posts\/17794"}],"collection":[{"href":"https:\/\/www.conselharan.org\/ca\/wp-json\/wp\/v2\/posts"}],"about":[{"href":"https:\/\/www.conselharan.org\/ca\/wp-json\/wp\/v2\/types\/post"}],"author":[{"embeddable":true,"href":"https:\/\/www.conselharan.org\/ca\/wp-json\/wp\/v2\/users\/2"}],"replies":[{"embeddable":true,"href":"https:\/\/www.conselharan.org\/ca\/wp-json\/wp\/v2\/comments?post=17794"}],"version-history":[{"count":1,"href":"https:\/\/www.conselharan.org\/ca\/wp-json\/wp\/v2\/posts\/17794\/revisions"}],"predecessor-version":[{"id":17795,"href":"https:\/\/www.conselharan.org\/ca\/wp-json\/wp\/v2\/posts\/17794\/revisions\/17795"}],"wp:featuredmedia":[{"embeddable":true,"href":"https:\/\/www.conselharan.org\/ca\/wp-json\/wp\/v2\/media\/17790"}],"wp:attachment":[{"href":"https:\/\/www.conselharan.org\/ca\/wp-json\/wp\/v2\/media?parent=17794"}],"wp:term":[{"taxonomy":"category","embeddable":true,"href":"https:\/\/www.conselharan.org\/ca\/wp-json\/wp\/v2\/categories?post=17794"},{"taxonomy":"post_tag","embeddable":true,"href":"https:\/\/www.conselharan.org\/ca\/wp-json\/wp\/v2\/tags?post=17794"}],"curies":[{"name":"wp","href":"https:\/\/api.w.org\/{rel}","templated":true}]}}