{"id":17842,"date":"2017-06-16T17:26:35","date_gmt":"2017-06-16T15:26:35","guid":{"rendered":"http:\/\/www.conselharan.org\/ca\/?p=17842"},"modified":"2017-06-16T17:26:35","modified_gmt":"2017-06-16T15:26:35","slug":"els-haros-de-la-val-daran-marquen-linici-de-la-campanya-destiu","status":"publish","type":"post","link":"https:\/\/www.conselharan.org\/ca\/els-haros-de-la-val-daran-marquen-linici-de-la-campanya-destiu\/","title":{"rendered":"Els Haros de la Val d\u2019Aran marquen l\u2019inici de la campanya d\u2019estiu"},"content":{"rendered":"<p>Les festes del foc, els Haros de la Val d\u2019Aran marquen l\u2019inici de la temporada tur\u00edstica d\u2019estiu.<\/p>\n<p>Les Falles a Catalunya, Haro o Taro a la Val d\u2019Aran o Brandons a Fran\u00e7a, s\u00f3n les manifestacions de foc que formen part de les Festes del Foc del Solstici d\u2019Estiu als Pirineus que el desembre del 2015 van ser declarades Patrimoni Immaterial de la Humanitat per la Unesco.<\/p>\n<p>El calendari Impulsat per l\u2019Associaci\u00f3 Cultural de Municipis Fallaires i Entitats Municipals dels Pirineus i el conjunt de pobles que formen part del llistat del Patrimoni de la Humanitat i realitzat per la C\u00e0tedra d\u2019Educaci\u00f3 i Patrimoni Immaterial dels Pirineus de la UdL, amb el suport de la Diputaci\u00f3 de Lleida, reflecteix el nom exacte de la festa en cada lloc, els horaris i les vies d\u2019informaci\u00f3.<\/p>\n<p>La proclamaci\u00f3 com a Patrimoni de la Humanitat\u00a0 de les Festes del Foc ha suposat un important increment de turistes, encara que la xifra encara \u00e9s dif\u00edcil de quantificar. La previsi\u00f3 d\u2019ocupaci\u00f3 hotelera al Pirineu se situa entre el 80 i el 100% durant les falles.<\/p>\n<p>En quant a les festes de la Val d\u2019Aran, la conselh\u00e8ra de Turisme i Desenvolupament Econ\u00f2mic d&#8217;Aran, <strong>Anna D<\/strong><strong>\u00ed<\/strong><strong>az<\/strong>, recorda que es tracta de dues festes molt antigues i arrelades a la Val d&#8217;Aran. Antigament se celebraven en tots els pobles per\u00f2 nom\u00e9s Les i Arties les han mantingut. \u00c9s una tradici\u00f3 molt entranyable i popular on s&#8217;impliquen tots els ve\u00efns del poble i tamb\u00e9 els visitants que es troben a la Val d&#8217;Aran en aquestes dates, ja que s\u00f3n un gran atractiu cultural i tur\u00edstic.<\/p>\n<p><strong>La Crema deth Haro de Les<\/strong><\/p>\n<p>Es celebra el 23 de juny, festivitat de Sant Joan i suposa l&#8217;inici de les festes patronals de la localitat. Durant la vetllada es crema un tronc d&#8217;avet, el Haro.<\/p>\n<p>L&#8217;escenari del ritual \u00e9s la Pla\u00e7a deth Haro, on, cap a les 10 de la nit arriba la process\u00f3 al ritme de les danses tradicionals d&#8217;Es Corbilhu\u00e8rs de Les. Despr\u00e9s de la benedicci\u00f3 i encesa del Haro se li cala foc i es procedeix a la crema de les halhes, una mena de torxes fabricades amb escor\u00e7a de cirerer que es fan girar descrivint cercles i simulant la lluita per purificar i cremar els mals esperits. La cerim\u00f2nia finalitza amb un ball al voltant del Haro enc\u00e8s, mentre a la pla\u00e7a se serveix el &#8220;vin caud&#8221;, vi calent amb sucre, rom i fruita que es pren al costat de la tradicional coca de Sant Joan.<\/p>\n<p>Uns dies m\u00e9s tard, el 29 de juny, festivitat de Sant Pere, t\u00e9 lloc la &#8220;Quilha deth Haro&#8221;, \u00e9s a dir, la plantada del nou Haro. Els nuvis tenen l&#8217;honor de distingir- lo amb una corona de flors, com a ritu per demanar fecunditat. Aquest arbre presideix la pla\u00e7a de Les durant un any, fins a la propera nit de Sant Joan.<\/p>\n<p><a href=\"http:\/\/www.conselharan.org\/wp-content\/uploads\/2017\/06\/Festes-del-foc-2016-129.jpg\"><img loading=\"lazy\" decoding=\"async\" class=\"aligncenter size-large wp-image-17835\" src=\"http:\/\/www.conselharan.org\/wp-content\/uploads\/2017\/06\/Festes-del-foc-2016-129-1024x1024.jpg\" alt=\"Festes del foc 2016 (129)\" width=\"1024\" height=\"1024\" srcset=\"https:\/\/www.conselharan.org\/wp-content\/uploads\/2017\/06\/Festes-del-foc-2016-129-1024x1024.jpg 1024w, https:\/\/www.conselharan.org\/wp-content\/uploads\/2017\/06\/Festes-del-foc-2016-129-150x150.jpg 150w, https:\/\/www.conselharan.org\/wp-content\/uploads\/2017\/06\/Festes-del-foc-2016-129-300x300.jpg 300w, https:\/\/www.conselharan.org\/wp-content\/uploads\/2017\/06\/Festes-del-foc-2016-129-768x768.jpg 768w, https:\/\/www.conselharan.org\/wp-content\/uploads\/2017\/06\/Festes-del-foc-2016-129-270x270.jpg 270w, https:\/\/www.conselharan.org\/wp-content\/uploads\/2017\/06\/Festes-del-foc-2016-129-207x207.jpg 207w, https:\/\/www.conselharan.org\/wp-content\/uploads\/2017\/06\/Festes-del-foc-2016-129-75x75.jpg 75w\" sizes=\"(max-width: 1024px) 100vw, 1024px\" \/><\/a><\/p>\n<p>Aix\u00ed mateix, el segon dissabte de maig el poble celebra la &#8220;Shasclada&#8221; moment m\u00e0gic en qu\u00e8 se li claven les falques a l&#8217;arbre i es converteix en sagrat. Cal assenyalar que l&#8217;aixecament del Haro es porta a terme amb la mateixa t\u00e8cnica que feia servir l&#8217;home primitiu per redre\u00e7ar els menhirs: s&#8217;aixeca des del terra i a base de for\u00e7a i d&#8217;anar sustentant-lo es van guanyant graus d&#8217;altura fins que finalment es planta i es clava.<\/p>\n<p>&nbsp;<\/p>\n<p><strong>La Crema deth Taro d&#8217;Arties<\/strong><\/p>\n<p>Per Sant Joan es celebra tamb\u00e9 a Arties l&#8217;arribada del solstici d&#8217;estiu amb la crema d&#8217;un tronc d&#8217;avet, coincidint amb l&#8217;inici de les festes majors de la localitat. Aquesta celebraci\u00f3 marcava tamb\u00e9 el moment en qu\u00e8 els ramaders comen\u00e7aven a pujar als animals a les pastures m\u00e9s altes de les muntanyes.<\/p>\n<p><a href=\"http:\/\/www.conselharan.org\/wp-content\/uploads\/2017\/06\/Festes-del-foc-2016-221.jpg\"><img loading=\"lazy\" decoding=\"async\" class=\"aligncenter size-large wp-image-17838\" src=\"http:\/\/www.conselharan.org\/wp-content\/uploads\/2017\/06\/Festes-del-foc-2016-221-1024x768.jpg\" alt=\"Festes del foc 2016 (221)\" width=\"1024\" height=\"768\" srcset=\"https:\/\/www.conselharan.org\/wp-content\/uploads\/2017\/06\/Festes-del-foc-2016-221-1024x768.jpg 1024w, https:\/\/www.conselharan.org\/wp-content\/uploads\/2017\/06\/Festes-del-foc-2016-221-300x225.jpg 300w, https:\/\/www.conselharan.org\/wp-content\/uploads\/2017\/06\/Festes-del-foc-2016-221-768x576.jpg 768w, https:\/\/www.conselharan.org\/wp-content\/uploads\/2017\/06\/Festes-del-foc-2016-221.jpg 1600w\" sizes=\"(max-width: 1024px) 100vw, 1024px\" \/><\/a><\/p>\n<p>Un mes abans de la festa, una expedici\u00f3 d&#8217;homes del poble surt a buscar el Taro, el carreguen i transporten cap al poble i el preparen per a la seva crema. Arribat el dia, se li cala foc i s&#8217;arrossega per carrers i places d&#8217;Arties, acompanyat de m\u00fasica i dels crits dels assistents, en un recorregut que s\u2019allarga fins a altes hores de la matinada i que acaba davant de la casa de l&#8217;alcalde, on es deixa totalment carbonitzat. Segons la tradici\u00f3, les cendres del Taro protegeixen, purifiquen i fertilitzen, pel que al escampar-les per tot el poble allunyen els mals esperits.<\/p>\n<p>&nbsp;<\/p>\n<p><strong>CALENDARI DE LES FESTES DEL FOC<\/strong><\/p>\n<p>17 de juny. Durro (Alta Ribagor\u00e7a), la Pobla de Segur (Pallars Juss\u00e0). Brandons a Fran\u00e7a: Loras de Varossa i Mairenha.<\/p>\n<p>18 de juny. Ilh\u00e8u [brandon] (Fran\u00e7a).<\/p>\n<p>23 de juny. Alins (Pallars Sobir\u00e0), <strong>Arties H<\/strong><strong>\u00e8<\/strong><strong>sta deth Taro (Val d<\/strong><strong>\u2019<\/strong><strong>Aran)<\/strong>, Bo\u00ed (Alta Ribagor\u00e7a), Cas\u00f3s (Alta Ribagor\u00e7a), Isil (Pallars Sobir\u00e0), <strong>Les Hesta der Haro (Val d<\/strong><strong>\u2019<\/strong><strong>Aran)<\/strong>, el Pont de Suert (Alta Ribagor\u00e7a), Vilaller (Alta Ribagor\u00e7a), les Pa\u00fcls (Ribagor\u00e7a aragonesa), Montanui (Ribagor\u00e7a aragonesa), Sa\u00fcnc (Ribagor\u00e7a aragonesa), San Chuan de Plan (Sobrarbe), Su\u00efls (Ribagor\u00e7a aragonesa), Villarru\u00e9 (Ribagor\u00e7a aragonesa), Andorra la Vella, Escaldes Engordany (Andorra), Sant Juli\u00e0 de L\u00f2ria (Andorra). Brandons a Fran\u00e7a: Jud\u00e8th de Luishon, Siradan.<\/p>\n<p>24 de juny. Senet (Alta Ribagor\u00e7a), Bonansa (Ribagor\u00e7a aragonesa), Bag\u00e0 [Fia-Faia] (Bergued\u00e0). Brandons a Fran\u00e7a: Banh\u00e8ras de Luishon, Creish\u00e8ths, Harr\u00e8ra, Gembria, Isaort, Senta Maria, Sarp, Salas e Pratvi\u00e8lh, S\u00f2st, Trobath.<\/p>\n<p>30 de juny. Castanesa (Ribagor\u00e7a aragonesa), Maulion de Varossa [brandon] (Fran\u00e7a).<\/p>\n<p>1 de juliol. Barruera (Alta Ribagor\u00e7a). Brandons a Fran\u00e7a: Antishan, Esbar\u00e8ish.<\/p>\n<p>7 de juliol. Erill la Vall (Alta Ribagor\u00e7a).<\/p>\n<p>8 de juliol. Aneto (Ribagor\u00e7a aragonesa). Brandons a Fran\u00e7a: Casarilh, Mostajon, \u00d2u.<\/p>\n<p>14 de juliol. Ta\u00fcll (Alta Ribagor\u00e7a).<\/p>\n<p>22 de juliol. Llesp (Alta Ribagor\u00e7a).<\/p>\n<p>4 d\u2019agost. Sent Avantin [brandon] (Fran\u00e7a).<\/p>\n ","protected":false},"excerpt":{"rendered":"<p>Les festes del foc, els Haros de la Val d\u2019Aran marquen l\u2019inici de la temporada tur\u00edstica d\u2019estiu. Les Falles a Catalunya, Haro o Taro a la Val d\u2019Aran o Brandons a Fran\u00e7a, s\u00f3n les manifestacions de foc que formen part de les Festes del Foc del Solstici d\u2019Estiu als Pirineus que el desembre del 2015&#8230;<\/p>\n","protected":false},"author":2,"featured_media":17835,"comment_status":"closed","ping_status":"closed","sticky":false,"template":"","format":"standard","meta":{"footnotes":""},"categories":[33],"tags":[],"_links":{"self":[{"href":"https:\/\/www.conselharan.org\/ca\/wp-json\/wp\/v2\/posts\/17842"}],"collection":[{"href":"https:\/\/www.conselharan.org\/ca\/wp-json\/wp\/v2\/posts"}],"about":[{"href":"https:\/\/www.conselharan.org\/ca\/wp-json\/wp\/v2\/types\/post"}],"author":[{"embeddable":true,"href":"https:\/\/www.conselharan.org\/ca\/wp-json\/wp\/v2\/users\/2"}],"replies":[{"embeddable":true,"href":"https:\/\/www.conselharan.org\/ca\/wp-json\/wp\/v2\/comments?post=17842"}],"version-history":[{"count":1,"href":"https:\/\/www.conselharan.org\/ca\/wp-json\/wp\/v2\/posts\/17842\/revisions"}],"predecessor-version":[{"id":17843,"href":"https:\/\/www.conselharan.org\/ca\/wp-json\/wp\/v2\/posts\/17842\/revisions\/17843"}],"wp:featuredmedia":[{"embeddable":true,"href":"https:\/\/www.conselharan.org\/ca\/wp-json\/wp\/v2\/media\/17835"}],"wp:attachment":[{"href":"https:\/\/www.conselharan.org\/ca\/wp-json\/wp\/v2\/media?parent=17842"}],"wp:term":[{"taxonomy":"category","embeddable":true,"href":"https:\/\/www.conselharan.org\/ca\/wp-json\/wp\/v2\/categories?post=17842"},{"taxonomy":"post_tag","embeddable":true,"href":"https:\/\/www.conselharan.org\/ca\/wp-json\/wp\/v2\/tags?post=17842"}],"curies":[{"name":"wp","href":"https:\/\/api.w.org\/{rel}","templated":true}]}}