{"id":17922,"date":"2017-06-29T11:02:58","date_gmt":"2017-06-29T09:02:58","guid":{"rendered":"http:\/\/www.conselharan.org\/ca\/?p=17922"},"modified":"2017-06-29T11:02:58","modified_gmt":"2017-06-29T09:02:58","slug":"jornada-explicativa-al-conselh-generau-de-la-candidatura-de-la-val-daran-com-a-patrimoni-de-la-humanitat-de-la-unesco","status":"publish","type":"post","link":"https:\/\/www.conselharan.org\/ca\/jornada-explicativa-al-conselh-generau-de-la-candidatura-de-la-val-daran-com-a-patrimoni-de-la-humanitat-de-la-unesco\/","title":{"rendered":"Jornada explicativa al Conselh Generau de la candidatura de la Val d\u2019Aran com a Patrimoni de la Humanitat de la Unesco"},"content":{"rendered":"<p>Vielha, 28 de juny de 2017.- El passat dilluns va tenir lloc al Conselh Generau d\u2019Aran una jornada explicativa per treballar sobre el desplegament i la preparaci\u00f3 del expedient de la candidatura de patrimoni natural, cultural, art\u00edstic i identitari de la Val d\u2019Aran com a Patrimoni de la Humanitat per part de la Unesco.<\/p>\n<p><a href=\"http:\/\/www.conselharan.org\/wp-content\/uploads\/2017\/06\/IMG_5879.jpg\"><img loading=\"lazy\" decoding=\"async\" class=\"aligncenter size-large wp-image-17918\" src=\"http:\/\/www.conselharan.org\/wp-content\/uploads\/2017\/06\/IMG_5879-1024x584.jpg\" alt=\"IMG_5879\" width=\"1024\" height=\"584\" srcset=\"https:\/\/www.conselharan.org\/wp-content\/uploads\/2017\/06\/IMG_5879-1024x584.jpg 1024w, https:\/\/www.conselharan.org\/wp-content\/uploads\/2017\/06\/IMG_5879-300x171.jpg 300w, https:\/\/www.conselharan.org\/wp-content\/uploads\/2017\/06\/IMG_5879-768x438.jpg 768w, https:\/\/www.conselharan.org\/wp-content\/uploads\/2017\/06\/IMG_5879-305x175.jpg 305w\" sizes=\"(max-width: 1024px) 100vw, 1024px\" \/><\/a><\/p>\n<p>A la jornada hi van participar el s\u00edndic d\u2019Aran, <strong>Carlos Barrera<\/strong>, i diferents alcaldes i pedanis de la Val d\u2019Aran.<\/p>\n<p>L\u2019assessor en mat\u00e8ria de Cultura i Patrimoni del Conselh Generau d\u2019Aran, <strong>J<\/strong><strong>\u00e8<\/strong><strong>p de Montoya<\/strong>, va ser l\u2019encarregat d\u2019exposar els treballs realitzats fins ara i de les idees per al desplegament i preparaci\u00f3 de la candidatura.<\/p>\n<p>El conjunt d\u2019esgl\u00e9sies araneses i els seus bens mobles en el seu conjunt, son una obra mestra de criteri i execuci\u00f3. El Crist de Mijaran i el Sant Crist de Salard\u00fa, son peces majors de l\u2019escultura rom\u00e0nica. Un altre aspecte a tenir en compte son els campanars i les campanes aranesos, cada poble te la seva esgl\u00e9sia i el seu campanar i tot aix\u00f2 en mig d\u2019una natura singular.<\/p>\n<p>En un altre ordre de coses, Montoya, tamb\u00e9 va destacar el fet que des d\u2019una societat i economia de subsist\u00e8ncia, la Val d\u2019Aran hagi evolucionat cap a ser un pa\u00eds modern i de serveis, per\u00f2 sense renunciar a posar en valor la primera i m\u00e9s primitiva de les ess\u00e8ncies araneses.<\/p>\n<p>La infraestructura aranesa esportiva, l\u00fadica, hotelera, aix\u00ed com la restauraci\u00f3 i la gastronomia tradicional, pr\u00f2pia i \u00fanica, junt amb les instal\u00b7lacions hidroel\u00e8ctriques seran claus per aconseguir la declaraci\u00f3 de Patrimoni de la Humanitat.<\/p>\n<p>Potenciar la festa dels Barbacans per carnaval , que \u00e9s l\u2019escenificaci\u00f3 ancestral del nomenat \u201cBal der Os\u201d, tal com ja es fa amb les H\u00e8stes deth huec del solstici d\u2019estiu declarades Patrimoni Immaterial de la Humanitat.<\/p>\n<p>La for\u00e7a de la Val d\u2019Aran dins de la f\u00f3rmula mixta de patrimoni natural i cultural rau en el conjunt creat per l\u2019home, pobles, esgl\u00e9sies, llengua, cultura, hist\u00f2ria i identitat, envoltat de la bellesa d\u2019indrets com la Ribera de Toran, de Canejan i el Tuc del Montlude; la Ribera de l\u2019Artiga de Lin; la Ribera de Varrad\u00f2s; Beret i Montgarri; Aiguam\u00f2g i Valarties.<\/p>\n<p>&nbsp;<\/p>\n<p>&nbsp;<\/p>\n ","protected":false},"excerpt":{"rendered":"<p>Vielha, 28 de juny de 2017.- El passat dilluns va tenir lloc al Conselh Generau d\u2019Aran una jornada explicativa per treballar sobre el desplegament i la preparaci\u00f3 del expedient de la candidatura de patrimoni natural, cultural, art\u00edstic i identitari de la Val d\u2019Aran com a Patrimoni de la Humanitat per part de la Unesco. A&#8230;<\/p>\n","protected":false},"author":2,"featured_media":17918,"comment_status":"closed","ping_status":"closed","sticky":false,"template":"","format":"standard","meta":{"footnotes":""},"categories":[36],"tags":[],"_links":{"self":[{"href":"https:\/\/www.conselharan.org\/ca\/wp-json\/wp\/v2\/posts\/17922"}],"collection":[{"href":"https:\/\/www.conselharan.org\/ca\/wp-json\/wp\/v2\/posts"}],"about":[{"href":"https:\/\/www.conselharan.org\/ca\/wp-json\/wp\/v2\/types\/post"}],"author":[{"embeddable":true,"href":"https:\/\/www.conselharan.org\/ca\/wp-json\/wp\/v2\/users\/2"}],"replies":[{"embeddable":true,"href":"https:\/\/www.conselharan.org\/ca\/wp-json\/wp\/v2\/comments?post=17922"}],"version-history":[{"count":1,"href":"https:\/\/www.conselharan.org\/ca\/wp-json\/wp\/v2\/posts\/17922\/revisions"}],"predecessor-version":[{"id":17923,"href":"https:\/\/www.conselharan.org\/ca\/wp-json\/wp\/v2\/posts\/17922\/revisions\/17923"}],"wp:featuredmedia":[{"embeddable":true,"href":"https:\/\/www.conselharan.org\/ca\/wp-json\/wp\/v2\/media\/17918"}],"wp:attachment":[{"href":"https:\/\/www.conselharan.org\/ca\/wp-json\/wp\/v2\/media?parent=17922"}],"wp:term":[{"taxonomy":"category","embeddable":true,"href":"https:\/\/www.conselharan.org\/ca\/wp-json\/wp\/v2\/categories?post=17922"},{"taxonomy":"post_tag","embeddable":true,"href":"https:\/\/www.conselharan.org\/ca\/wp-json\/wp\/v2\/tags?post=17922"}],"curies":[{"name":"wp","href":"https:\/\/api.w.org\/{rel}","templated":true}]}}