{"id":18450,"date":"2017-08-04T15:04:45","date_gmt":"2017-08-04T13:04:45","guid":{"rendered":"http:\/\/www.conselharan.org\/ca\/?p=18450"},"modified":"2017-08-10T10:17:40","modified_gmt":"2017-08-10T08:17:40","slug":"reubicacio-dels-serveis-administratius-de-lhospital-de-la-val-daran","status":"publish","type":"post","link":"https:\/\/www.conselharan.org\/ca\/reubicacio-dels-serveis-administratius-de-lhospital-de-la-val-daran\/","title":{"rendered":"Reubicaci\u00f3 dels serveis administratius de l\u2019Hospital de la Val d\u2019Aran"},"content":{"rendered":"<p>Vielha, 4 d\u2019agost de 2017.- El Gov\u00e8rn d\u2019Aran ha aprovat aquesta setmana l\u2019inici dels treballs per a la reubicaci\u00f3 dels serveis administratius i de direcci\u00f3 de l\u2019Hospital de la Val d\u2019Aran. Aquests serveis s\u2019ubicaran a partir d\u2019ara en uns locals d\u2019un edifici adjacent al mateix hospital que van ser adquirits pel Conselh Generau d\u2019Aran.<\/p>\n<p><a href=\"http:\/\/www.conselharan.org\/wp-content\/uploads\/2017\/08\/Reubicaci\u00f3-Serveis-Hospital-1.jpg\"><img loading=\"lazy\" decoding=\"async\" class=\"aligncenter size-large wp-image-18446\" src=\"http:\/\/www.conselharan.org\/wp-content\/uploads\/2017\/08\/Reubicaci\u00f3-Serveis-Hospital-1-1024x424.jpg\" alt=\"Reubicaci\u00f3 Serveis Hospital 1\" width=\"1024\" height=\"424\" srcset=\"https:\/\/www.conselharan.org\/wp-content\/uploads\/2017\/08\/Reubicaci\u00f3-Serveis-Hospital-1-1024x424.jpg 1024w, https:\/\/www.conselharan.org\/wp-content\/uploads\/2017\/08\/Reubicaci\u00f3-Serveis-Hospital-1-300x124.jpg 300w, https:\/\/www.conselharan.org\/wp-content\/uploads\/2017\/08\/Reubicaci\u00f3-Serveis-Hospital-1-768x318.jpg 768w, https:\/\/www.conselharan.org\/wp-content\/uploads\/2017\/08\/Reubicaci\u00f3-Serveis-Hospital-1.jpg 2016w\" sizes=\"(max-width: 1024px) 100vw, 1024px\" \/><\/a><\/p>\n<p>Els serveis administratius i de direcci\u00f3 de l\u2019hospital ocuparan un local de dues plantes amb un total de 287m, en les que s\u2019hi instal\u00b7laran 8 despatxos i 3 sales de reunions. El Gov\u00e8rn d\u2019Aran destina un pressupost de 123.953 \u20ac a la reforma interior de les noves instal\u00b7lacions.<\/p>\n<p>Aquesta actuaci\u00f3 permetr\u00e0 comen\u00e7ar en un futur proper les seg\u00fcents fases de reforma de l\u2019Hospital de la Val d\u2019Aran, consistents en el trasllat del laboratori i la reforma del bloc quir\u00fargic i obst\u00e8tric amb la construcci\u00f3 de dos nous quir\u00f2fans en l\u2019actual edifici de l\u2019hospital.<\/p>\n<p>&nbsp;<\/p>\n<p>&nbsp;<\/p>\n ","protected":false},"excerpt":{"rendered":"<p>Vielha, 4 d\u2019agost de 2017.- El Gov\u00e8rn d\u2019Aran ha aprovat aquesta setmana l\u2019inici dels treballs per a la reubicaci\u00f3 dels serveis administratius i de direcci\u00f3 de l\u2019Hospital de la Val d\u2019Aran. Aquests serveis s\u2019ubicaran a partir d\u2019ara en uns locals d\u2019un edifici adjacent al mateix hospital que van ser adquirits pel Conselh Generau d\u2019Aran. Els&#8230;<\/p>\n","protected":false},"author":2,"featured_media":18446,"comment_status":"closed","ping_status":"closed","sticky":false,"template":"","format":"standard","meta":{"footnotes":""},"categories":[53,36],"tags":[],"_links":{"self":[{"href":"https:\/\/www.conselharan.org\/ca\/wp-json\/wp\/v2\/posts\/18450"}],"collection":[{"href":"https:\/\/www.conselharan.org\/ca\/wp-json\/wp\/v2\/posts"}],"about":[{"href":"https:\/\/www.conselharan.org\/ca\/wp-json\/wp\/v2\/types\/post"}],"author":[{"embeddable":true,"href":"https:\/\/www.conselharan.org\/ca\/wp-json\/wp\/v2\/users\/2"}],"replies":[{"embeddable":true,"href":"https:\/\/www.conselharan.org\/ca\/wp-json\/wp\/v2\/comments?post=18450"}],"version-history":[{"count":2,"href":"https:\/\/www.conselharan.org\/ca\/wp-json\/wp\/v2\/posts\/18450\/revisions"}],"predecessor-version":[{"id":18454,"href":"https:\/\/www.conselharan.org\/ca\/wp-json\/wp\/v2\/posts\/18450\/revisions\/18454"}],"wp:featuredmedia":[{"embeddable":true,"href":"https:\/\/www.conselharan.org\/ca\/wp-json\/wp\/v2\/media\/18446"}],"wp:attachment":[{"href":"https:\/\/www.conselharan.org\/ca\/wp-json\/wp\/v2\/media?parent=18450"}],"wp:term":[{"taxonomy":"category","embeddable":true,"href":"https:\/\/www.conselharan.org\/ca\/wp-json\/wp\/v2\/categories?post=18450"},{"taxonomy":"post_tag","embeddable":true,"href":"https:\/\/www.conselharan.org\/ca\/wp-json\/wp\/v2\/tags?post=18450"}],"curies":[{"name":"wp","href":"https:\/\/api.w.org\/{rel}","templated":true}]}}