{"id":18548,"date":"2017-08-10T10:32:02","date_gmt":"2017-08-10T08:32:02","guid":{"rendered":"http:\/\/www.conselharan.org\/ca\/?p=18548"},"modified":"2017-08-10T10:32:02","modified_gmt":"2017-08-10T08:32:02","slug":"dissabte-19-dagost-el-maxima-open-air-tour-2017-a-baqueira-1-500","status":"publish","type":"post","link":"https:\/\/www.conselharan.org\/ca\/dissabte-19-dagost-el-maxima-open-air-tour-2017-a-baqueira-1-500\/","title":{"rendered":"Dissabte 19 d\u2019agost el Maxima Open Air Tour 2017  a Baqueira 1.500"},"content":{"rendered":"<p>Vielha, 9 d\u2019agost de 2017.- El <strong>Conselh Generau d\u2019Aran<\/strong> en col\u00b7laboraci\u00f3 amb Maxima F.M. organitza el proper <strong>dissabte 19 d\u2019agost a les 21h el \u201cMaxima Open Air Tour 2017\u201d a l\u2019aparcament de Baqueira 1.500.<\/strong><\/p>\n<p>La Gira \u201cMaxima Open Tour 2017\u201d que visita durant tot l\u2019estiu diferents ciutats de l\u2019estat arriba aquest estiu a la Val d\u2019Aran, on comptar\u00e0 amb els Dj\u2019s Jose AM, Enric Font I Sergi S\u00e1nchez. Com a Dj\u2019s convidats actuaran Subshock Evangelios i Hektor Mass.<\/p>\n<p><a href=\"http:\/\/www.conselharan.org\/wp-content\/uploads\/2017\/08\/Cartell-M\u00e0xima-FM-OK.jpg\"><img loading=\"lazy\" decoding=\"async\" class=\"aligncenter size-large wp-image-18544\" src=\"http:\/\/www.conselharan.org\/wp-content\/uploads\/2017\/08\/Cartell-M\u00e0xima-FM-OK-724x1024.jpg\" alt=\"Cartell M\u00e0xima FM OK\" width=\"724\" height=\"1024\" srcset=\"https:\/\/www.conselharan.org\/wp-content\/uploads\/2017\/08\/Cartell-M\u00e0xima-FM-OK-724x1024.jpg 724w, https:\/\/www.conselharan.org\/wp-content\/uploads\/2017\/08\/Cartell-M\u00e0xima-FM-OK-212x300.jpg 212w, https:\/\/www.conselharan.org\/wp-content\/uploads\/2017\/08\/Cartell-M\u00e0xima-FM-OK-768x1086.jpg 768w\" sizes=\"(max-width: 724px) 100vw, 724px\" \/><\/a><\/p>\n<p>L\u2019acc\u00e9s \u00e9s lliure i gratu\u00eft per a tothom. Podeu consultar l\u2019horari de servei de Bus per accedir a l\u2019Open Tour de Maxima FM a Baqueira.<\/p>\n<p>Per a m\u00e9s informaci\u00f3: <a href=\"http:\/\/www.maxima.fm\/2017\/gira-verano-maxima-open-air-tour-2017-18113.html\">http:\/\/www.maxima.fm\/2017\/gira-verano-maxima-open-air-tour-2017-18113.html<\/a><\/p>\n<p>&nbsp;<\/p>\n<p>&nbsp;<\/p>\n ","protected":false},"excerpt":{"rendered":"<p>Vielha, 9 d\u2019agost de 2017.- El Conselh Generau d\u2019Aran en col\u00b7laboraci\u00f3 amb Maxima F.M. organitza el proper dissabte 19 d\u2019agost a les 21h el \u201cMaxima Open Air Tour 2017\u201d a l\u2019aparcament de Baqueira 1.500. La Gira \u201cMaxima Open Tour 2017\u201d que visita durant tot l\u2019estiu diferents ciutats de l\u2019estat arriba aquest estiu a la Val&#8230;<\/p>\n","protected":false},"author":2,"featured_media":18544,"comment_status":"closed","ping_status":"closed","sticky":false,"template":"","format":"standard","meta":{"footnotes":""},"categories":[33],"tags":[],"_links":{"self":[{"href":"https:\/\/www.conselharan.org\/ca\/wp-json\/wp\/v2\/posts\/18548"}],"collection":[{"href":"https:\/\/www.conselharan.org\/ca\/wp-json\/wp\/v2\/posts"}],"about":[{"href":"https:\/\/www.conselharan.org\/ca\/wp-json\/wp\/v2\/types\/post"}],"author":[{"embeddable":true,"href":"https:\/\/www.conselharan.org\/ca\/wp-json\/wp\/v2\/users\/2"}],"replies":[{"embeddable":true,"href":"https:\/\/www.conselharan.org\/ca\/wp-json\/wp\/v2\/comments?post=18548"}],"version-history":[{"count":1,"href":"https:\/\/www.conselharan.org\/ca\/wp-json\/wp\/v2\/posts\/18548\/revisions"}],"predecessor-version":[{"id":18549,"href":"https:\/\/www.conselharan.org\/ca\/wp-json\/wp\/v2\/posts\/18548\/revisions\/18549"}],"wp:featuredmedia":[{"embeddable":true,"href":"https:\/\/www.conselharan.org\/ca\/wp-json\/wp\/v2\/media\/18544"}],"wp:attachment":[{"href":"https:\/\/www.conselharan.org\/ca\/wp-json\/wp\/v2\/media?parent=18548"}],"wp:term":[{"taxonomy":"category","embeddable":true,"href":"https:\/\/www.conselharan.org\/ca\/wp-json\/wp\/v2\/categories?post=18548"},{"taxonomy":"post_tag","embeddable":true,"href":"https:\/\/www.conselharan.org\/ca\/wp-json\/wp\/v2\/tags?post=18548"}],"curies":[{"name":"wp","href":"https:\/\/api.w.org\/{rel}","templated":true}]}}