{"id":18562,"date":"2017-08-10T16:56:14","date_gmt":"2017-08-10T14:56:14","guid":{"rendered":"http:\/\/www.conselharan.org\/ca\/?p=18562"},"modified":"2017-08-10T16:56:14","modified_gmt":"2017-08-10T14:56:14","slug":"laccident-dun-camio-bolcat-a-aren-de-noguera-talla-durant-hores-lacces-a-la-val-daran","status":"publish","type":"post","link":"https:\/\/www.conselharan.org\/ca\/laccident-dun-camio-bolcat-a-aren-de-noguera-talla-durant-hores-lacces-a-la-val-daran\/","title":{"rendered":"L\u2019accident d\u2019un cami\u00f3 bolcat a Ar\u00e9n de Noguera talla durant hores l\u2019acc\u00e9s a la Val d\u2019Aran"},"content":{"rendered":"<p><strong>El sindic d\u2019Aran Carlos Barrera manifesta que el transit massiu de vehicles de gran tonatge a la N-230 \u00e9s incompatible amb l\u2019acc\u00e9s de turismes a les comarques del Pirineu de Lleida.<\/strong><\/p>\n<p>Vielha, 10 d\u2019agost de 2017.- Avui dijous a les 12\u201930h s\u2019ha produ\u00eft\u00a0 l\u2019accident d\u2019un cami\u00f3 al Km. 104 de la N-230 entre Ar\u00e9n de Noguera i la boca sud del t\u00fanel de Vielha, en el que el cami\u00f3 ha resultat bolcat, provocant un tall de transit en ambd\u00f3s sentits de la marxa que ha tallat la carretera d\u2019acc\u00e9s a la Val d\u2019Aran durant hores.<\/p>\n<p>El sindic d\u2019Aran, <strong>Carlos Barrera<\/strong>, ha manifestat que, la reiteraci\u00f3 d\u2019accidents de vehicles de transport pesat a la N-230 fa que aquesta via hagi arribat al punt del col\u00b7lapse, ja que suporta el pas de m\u00e9s de 500 camions de grans dimensions di\u00e0riament, i aix\u00f2 la fa incompatible amb el transit de turismes que s\u2019adrecen a un dest\u00ed tur\u00edstic del Pirineu per aquesta via de comunicaci\u00f3.<\/p>\n<p><a href=\"http:\/\/www.conselharan.org\/wp-content\/uploads\/2017\/08\/Camions-T\u00fanel-de-Vielha.jpg\"><img loading=\"lazy\" decoding=\"async\" class=\"aligncenter size-full wp-image-18558\" src=\"http:\/\/www.conselharan.org\/wp-content\/uploads\/2017\/08\/Camions-T\u00fanel-de-Vielha.jpg\" alt=\"Camions T\u00fanel de Vielha\" width=\"640\" height=\"427\" srcset=\"https:\/\/www.conselharan.org\/wp-content\/uploads\/2017\/08\/Camions-T\u00fanel-de-Vielha.jpg 640w, https:\/\/www.conselharan.org\/wp-content\/uploads\/2017\/08\/Camions-T\u00fanel-de-Vielha-300x200.jpg 300w\" sizes=\"(max-width: 640px) 100vw, 640px\" \/><\/a><\/p>\n<p>Fa uns mesos el sindic d\u2019Aran va assistir a una reuni\u00f3 a la Diputaci\u00f3 de Lleida, convocada per les Diputacions de Lleida i Osca, on els assistents van posar de manifest la preocupaci\u00f3 per la inseguretat vial d\u2019aquesta carretera en aquest tram i la incompatibilitat de la densitat del transport pesat per la carretera amb l\u2019acc\u00e9s a la part del Pirineu que majorit\u00e0riament te els seus ingressos basats en els serveis i el turisme.<\/p>\n<p>A partir d\u2019aquesta reuni\u00f3 el Conselh Generau d\u2019Aran va prendre la decisi\u00f3 d\u2019encarregar un estudi de millora d\u2019aquest tram de la N-230 (Ar\u00e9n- boca sud del t\u00fanel de Vielha), sobretot buscant trams per a la construcci\u00f3 d\u2019un tercer carril per al transport pesat per possibilitar els avan\u00e7aments de turismes sense posar en risc la seva seguretat.<\/p>\n<p>Aquest projecte es troba hores d\u2019ara en una fase molt avan\u00e7ada de redacci\u00f3 per presentar -lo abans de finals de setembre als Serveis T\u00e8cnics de la Diputaci\u00f3 de Lleida amb la demana al president de la Diputaci\u00f3 de convocar una nova reuni\u00f3 amb els representants de tots els municipis afectats, per aconseguir que la proposta compti amb el vist i plau per donar-li trasllat al Ministerio de Fomento.<\/p>\n<p>Aquesta proposta planteja minimitzar l\u2019impacte ambiental, optimitzar els trams on la construcci\u00f3 del tercer carril representi una inversi\u00f3 sostenible i generar trams de seguretat d\u2019avan\u00e7aments per evitar l\u2019actual estr\u00e8s i nerviosisme dels conductors de turismes que han de suportar molts kil\u00f2metres circulant darrera d\u2019un o diversos vehicles de gran tonatge sense trobar el moment de poder los avan\u00e7ar amb les suficients garanties de seguretat.<\/p>\n<p>El s\u00edndic d\u2019Aran, Carlos Barrera, ha afegit que <strong>\u201cLa freq\u00fc\u00e8ncia d\u2019accidents de vehicles pesants ens fa dir amb tota rotunditat, que aquest tram de la N-230 \u00e9s absolutament incompatible amb un acc\u00e9s del segle XXI als territoris del Pirineu de Lleida\u201d.<\/strong><\/p>\n<p>&nbsp;<\/p>\n ","protected":false},"excerpt":{"rendered":"<p>El sindic d\u2019Aran Carlos Barrera manifesta que el transit massiu de vehicles de gran tonatge a la N-230 \u00e9s incompatible amb l\u2019acc\u00e9s de turismes a les comarques del Pirineu de Lleida. Vielha, 10 d\u2019agost de 2017.- Avui dijous a les 12\u201930h s\u2019ha produ\u00eft\u00a0 l\u2019accident d\u2019un cami\u00f3 al Km. 104 de la N-230 entre Ar\u00e9n de&#8230;<\/p>\n","protected":false},"author":2,"featured_media":18558,"comment_status":"closed","ping_status":"closed","sticky":false,"template":"","format":"standard","meta":{"footnotes":""},"categories":[53,36],"tags":[],"_links":{"self":[{"href":"https:\/\/www.conselharan.org\/ca\/wp-json\/wp\/v2\/posts\/18562"}],"collection":[{"href":"https:\/\/www.conselharan.org\/ca\/wp-json\/wp\/v2\/posts"}],"about":[{"href":"https:\/\/www.conselharan.org\/ca\/wp-json\/wp\/v2\/types\/post"}],"author":[{"embeddable":true,"href":"https:\/\/www.conselharan.org\/ca\/wp-json\/wp\/v2\/users\/2"}],"replies":[{"embeddable":true,"href":"https:\/\/www.conselharan.org\/ca\/wp-json\/wp\/v2\/comments?post=18562"}],"version-history":[{"count":1,"href":"https:\/\/www.conselharan.org\/ca\/wp-json\/wp\/v2\/posts\/18562\/revisions"}],"predecessor-version":[{"id":18563,"href":"https:\/\/www.conselharan.org\/ca\/wp-json\/wp\/v2\/posts\/18562\/revisions\/18563"}],"wp:featuredmedia":[{"embeddable":true,"href":"https:\/\/www.conselharan.org\/ca\/wp-json\/wp\/v2\/media\/18558"}],"wp:attachment":[{"href":"https:\/\/www.conselharan.org\/ca\/wp-json\/wp\/v2\/media?parent=18562"}],"wp:term":[{"taxonomy":"category","embeddable":true,"href":"https:\/\/www.conselharan.org\/ca\/wp-json\/wp\/v2\/categories?post=18562"},{"taxonomy":"post_tag","embeddable":true,"href":"https:\/\/www.conselharan.org\/ca\/wp-json\/wp\/v2\/tags?post=18562"}],"curies":[{"name":"wp","href":"https:\/\/api.w.org\/{rel}","templated":true}]}}