{"id":18597,"date":"2017-08-11T13:10:58","date_gmt":"2017-08-11T11:10:58","guid":{"rendered":"http:\/\/www.conselharan.org\/ca\/?p=18597"},"modified":"2017-08-11T13:10:58","modified_gmt":"2017-08-11T11:10:58","slug":"aran-conectivity-nova-empresa-al-cei-val-daran","status":"publish","type":"post","link":"https:\/\/www.conselharan.org\/ca\/aran-conectivity-nova-empresa-al-cei-val-daran\/","title":{"rendered":"Aran Conectivity nova empresa al CEI Val d\u2019Aran"},"content":{"rendered":"<p>Vielha, 11 d\u2019agost de 2017.- <strong>Aran Conectivity<\/strong> una empresa distribu\u00efdora d\u2019internet d\u2019alta velocitat s\u2019ha instal\u00b7lat aquesta setmana al CEI (Centre d\u2019Empreses Innovadores) Val d\u2019Aran.<\/p>\n<p>Amb aquesta nova incorporaci\u00f3 ja son 6 les empreses del sector tecnol\u00f2gic i de la comunicaci\u00f3 instal\u00b7lades en aquest centre d\u2019empreses de Casau a la Val d\u2019Aran.<\/p>\n<p><strong>Gestel<\/strong> \u00e9s l&#8217;empresa matriu, que ha fet la inversi\u00f3 econ\u00f2mica a la Val d&#8217;Aran, per poder donar la cobertura i velocitat en les connexions d\u2019internet, amb la idea de poder proveir a tots els empresaris, hotelers, comer\u00e7os amb internet d\u2019alta velocitat.<\/p>\n<p><a href=\"http:\/\/www.conselharan.org\/wp-content\/uploads\/2017\/08\/Aran-Conectivity-2.jpg\"><img loading=\"lazy\" decoding=\"async\" class=\"aligncenter size-large wp-image-18593\" src=\"http:\/\/www.conselharan.org\/wp-content\/uploads\/2017\/08\/Aran-Conectivity-2-1024x768.jpg\" alt=\"Aran Conectivity 2\" width=\"1024\" height=\"768\" srcset=\"https:\/\/www.conselharan.org\/wp-content\/uploads\/2017\/08\/Aran-Conectivity-2-1024x768.jpg 1024w, https:\/\/www.conselharan.org\/wp-content\/uploads\/2017\/08\/Aran-Conectivity-2-300x225.jpg 300w, https:\/\/www.conselharan.org\/wp-content\/uploads\/2017\/08\/Aran-Conectivity-2-768x576.jpg 768w, https:\/\/www.conselharan.org\/wp-content\/uploads\/2017\/08\/Aran-Conectivity-2.jpg 2016w\" sizes=\"(max-width: 1024px) 100vw, 1024px\" \/><\/a><\/p>\n<p>L&#8217;empresa en la qual ha confiat Gestel a la Val d\u2019Aran \u00e9s Aran Conectivity S.L, que ser\u00e0 l&#8217;empresa que comercialitzi i instal\u00b7li aquest servei a negocis i particulars.<\/p>\n<p>Aran Conectivity, \u00e9s una empresa jove, amb personal qualificat en noves tecnologies i amb assessorament d&#8217;empreses l\u00edders en el mercat.<\/p>\n<p>El vicesindic d\u2019Aran, <strong>Lu\u00eds Carlos Medina<\/strong> va ser l\u2019encarregat de donar la benvinguda a la nova empresa al CEI Val d\u2019Aran, alhora que es va mostrar satisfet ja que va dir, aquest nou servei de ben segur que donar\u00e0 resposta a una de les demanes m\u00e9s importants ara mateix per part d\u2019empresaris i comerciants a la Val d\u2019Aran com \u00e9s la connexi\u00f3 d\u2019internet d\u2019alta velocitat.<\/p>\n<p>&nbsp;<\/p>\n ","protected":false},"excerpt":{"rendered":"<p>Vielha, 11 d\u2019agost de 2017.- Aran Conectivity una empresa distribu\u00efdora d\u2019internet d\u2019alta velocitat s\u2019ha instal\u00b7lat aquesta setmana al CEI (Centre d\u2019Empreses Innovadores) Val d\u2019Aran. Amb aquesta nova incorporaci\u00f3 ja son 6 les empreses del sector tecnol\u00f2gic i de la comunicaci\u00f3 instal\u00b7lades en aquest centre d\u2019empreses de Casau a la Val d\u2019Aran. Gestel \u00e9s l&#8217;empresa matriu,&#8230;<\/p>\n","protected":false},"author":2,"featured_media":18592,"comment_status":"closed","ping_status":"closed","sticky":false,"template":"","format":"standard","meta":{"footnotes":""},"categories":[53],"tags":[],"_links":{"self":[{"href":"https:\/\/www.conselharan.org\/ca\/wp-json\/wp\/v2\/posts\/18597"}],"collection":[{"href":"https:\/\/www.conselharan.org\/ca\/wp-json\/wp\/v2\/posts"}],"about":[{"href":"https:\/\/www.conselharan.org\/ca\/wp-json\/wp\/v2\/types\/post"}],"author":[{"embeddable":true,"href":"https:\/\/www.conselharan.org\/ca\/wp-json\/wp\/v2\/users\/2"}],"replies":[{"embeddable":true,"href":"https:\/\/www.conselharan.org\/ca\/wp-json\/wp\/v2\/comments?post=18597"}],"version-history":[{"count":1,"href":"https:\/\/www.conselharan.org\/ca\/wp-json\/wp\/v2\/posts\/18597\/revisions"}],"predecessor-version":[{"id":18598,"href":"https:\/\/www.conselharan.org\/ca\/wp-json\/wp\/v2\/posts\/18597\/revisions\/18598"}],"wp:featuredmedia":[{"embeddable":true,"href":"https:\/\/www.conselharan.org\/ca\/wp-json\/wp\/v2\/media\/18592"}],"wp:attachment":[{"href":"https:\/\/www.conselharan.org\/ca\/wp-json\/wp\/v2\/media?parent=18597"}],"wp:term":[{"taxonomy":"category","embeddable":true,"href":"https:\/\/www.conselharan.org\/ca\/wp-json\/wp\/v2\/categories?post=18597"},{"taxonomy":"post_tag","embeddable":true,"href":"https:\/\/www.conselharan.org\/ca\/wp-json\/wp\/v2\/tags?post=18597"}],"curies":[{"name":"wp","href":"https:\/\/api.w.org\/{rel}","templated":true}]}}